{"id":4890,"date":"2018-03-05T16:38:53","date_gmt":"2018-03-05T15:38:53","guid":{"rendered":"http:\/\/bisbalpenedes.com\/web\/?p=4890"},"modified":"2018-03-05T16:38:53","modified_gmt":"2018-03-05T15:38:53","slug":"aquest-dimarts-es-duran-a-terme-les-tasques-de-pintura-a-laparcament-dautobusos-de-linstitut","status":"publish","type":"post","link":"https:\/\/bisbalpenedes.com\/web\/2018\/03\/05\/aquest-dimarts-es-duran-a-terme-les-tasques-de-pintura-a-laparcament-dautobusos-de-linstitut\/","title":{"rendered":"Aquest dimarts es duran a terme les tasques de pintura a l&#8217;aparcament d&#8217;autobusos de l&#8217;Institut"},"content":{"rendered":"<p><a href=\"http:\/\/bisbalpenedes.com\/web\/wp-content\/uploads\/2018\/03\/marcado-parking-coches-IES.jpg\"><img loading=\"lazy\" class=\"aligncenter size-large wp-image-4891\" src=\"http:\/\/bisbalpenedes.com\/web\/wp-content\/uploads\/2018\/03\/marcado-parking-coches-IES-1024x511.jpg\" alt=\"marcado parking coches IES\" width=\"630\" height=\"314\" srcset=\"https:\/\/bisbalpenedes.com\/web\/wp-content\/uploads\/2018\/03\/marcado-parking-coches-IES-1024x511.jpg 1024w, https:\/\/bisbalpenedes.com\/web\/wp-content\/uploads\/2018\/03\/marcado-parking-coches-IES-600x299.jpg 600w, https:\/\/bisbalpenedes.com\/web\/wp-content\/uploads\/2018\/03\/marcado-parking-coches-IES-300x150.jpg 300w, https:\/\/bisbalpenedes.com\/web\/wp-content\/uploads\/2018\/03\/marcado-parking-coches-IES-768x383.jpg 768w, https:\/\/bisbalpenedes.com\/web\/wp-content\/uploads\/2018\/03\/marcado-parking-coches-IES.jpg 1540w\" sizes=\"(max-width: 630px) 100vw, 630px\" \/><\/a><\/p>\n<p>CATAL\u00c0 | La Regidoria d&#8217;Educaci\u00f3 informa que aquest dimarts dia 5 de mar\u00e7, a primera hora del mat\u00ed, s\u2019executaran les tasques de pintura per poder finalitzar l\u2019obra de l\u2019aparcament d\u2019autobusos de l\u2019Institut Coster de la Torre. En concret es pintaran 13 places d\u2019aparcament en cord\u00f3\u00a0 i 7 places en bateria al cam\u00ed del Gosch. Tamb\u00e9 es pintaran dos passos de vianants, dues places d\u2019aparcament per a microbusos i la sortida de l\u2019aparcament d\u2019autobusos amb la senyalitzaci\u00f3 de \u2018Cediu el pas\u2019.<\/p>\n<p>CASTELL\u00c0 | La Concejal\u00eda de Educaci\u00f3 informa que este martes d\u00eda 5 de marzo, a primera hora de la ma\u00f1ana, se ejecutar\u00e1n los trabajos de pintora para poder terminar la obra del parking de autobuses del Instituto Coster de la Torre. En concreto se pintar\u00e1n 13 plazas de aparcamiento en cord\u00f3n y 7 plazas en bater\u00eda en el cam\u00ed del Gosch. Tambi\u00e9n se pintaran dos pasos de peatones, dos plazas de aparcamiento para microb\u00fas y la salida del parking de autobuses con la se\u00f1alizaci\u00f3n de \u2018Ceda el paso\u2019.<\/p>\n","protected":false},"excerpt":{"rendered":"<p>CATAL\u00c0 | La Regidoria d&#8217;Educaci\u00f3 informa que aquest dimarts dia 5 de mar\u00e7, a primera hora del mat\u00ed, s\u2019executaran les tasques de pintura per poder finalitzar l\u2019obra de l\u2019aparcament d\u2019autobusos &hellip; <a href=\"https:\/\/bisbalpenedes.com\/web\/2018\/03\/05\/aquest-dimarts-es-duran-a-terme-les-tasques-de-pintura-a-laparcament-dautobusos-de-linstitut\/\" class=\"more-link\">Read More<\/a><\/p>\n","protected":false},"author":4,"featured_media":4891,"comment_status":"closed","ping_status":"closed","sticky":false,"template":"","format":"standard","meta":[],"categories":[16],"tags":[1370,1367,331,1368,1269,919,1369],"_links":{"self":[{"href":"https:\/\/bisbalpenedes.com\/web\/wp-json\/wp\/v2\/posts\/4890"}],"collection":[{"href":"https:\/\/bisbalpenedes.com\/web\/wp-json\/wp\/v2\/posts"}],"about":[{"href":"https:\/\/bisbalpenedes.com\/web\/wp-json\/wp\/v2\/types\/post"}],"author":[{"embeddable":true,"href":"https:\/\/bisbalpenedes.com\/web\/wp-json\/wp\/v2\/users\/4"}],"replies":[{"embeddable":true,"href":"https:\/\/bisbalpenedes.com\/web\/wp-json\/wp\/v2\/comments?post=4890"}],"version-history":[{"count":1,"href":"https:\/\/bisbalpenedes.com\/web\/wp-json\/wp\/v2\/posts\/4890\/revisions"}],"predecessor-version":[{"id":4892,"href":"https:\/\/bisbalpenedes.com\/web\/wp-json\/wp\/v2\/posts\/4890\/revisions\/4892"}],"wp:featuredmedia":[{"embeddable":true,"href":"https:\/\/bisbalpenedes.com\/web\/wp-json\/wp\/v2\/media\/4891"}],"wp:attachment":[{"href":"https:\/\/bisbalpenedes.com\/web\/wp-json\/wp\/v2\/media?parent=4890"}],"wp:term":[{"taxonomy":"category","embeddable":true,"href":"https:\/\/bisbalpenedes.com\/web\/wp-json\/wp\/v2\/categories?post=4890"},{"taxonomy":"post_tag","embeddable":true,"href":"https:\/\/bisbalpenedes.com\/web\/wp-json\/wp\/v2\/tags?post=4890"}],"curies":[{"name":"wp","href":"https:\/\/api.w.org\/{rel}","templated":true}]}}