{"id":4859,"date":"2018-03-02T10:38:05","date_gmt":"2018-03-02T09:38:05","guid":{"rendered":"http:\/\/bisbalpenedes.com\/web\/?p=4859"},"modified":"2018-03-10T13:30:19","modified_gmt":"2018-03-10T12:30:19","slug":"sobre-la-convocatoria-per-presentar-treballs-a-la-10a-edicio-del-concurs-literari-de-sant-jordi-de-la-bisbal","status":"publish","type":"post","link":"https:\/\/bisbalpenedes.com\/web\/2018\/03\/02\/sobre-la-convocatoria-per-presentar-treballs-a-la-10a-edicio-del-concurs-literari-de-sant-jordi-de-la-bisbal\/","title":{"rendered":"S&#8217;obre la convocat\u00f2ria per presentar treballs a la 10a edici\u00f3 del Concurs Literari de Sant Jordi de la Bisbal"},"content":{"rendered":"<p><span style=\"color: #000000;\">La Regidoria de Cultura de l&#8217;Ajuntament de la Bisbal del Pened\u00e8s tira endavant, un any m\u00e9s, el Concurs Literari Sant Jordi. Enguany el concurs arriba a la seva 10\u00aa edici\u00f3 i presenta algunes novetats: d&#8217;una banda s&#8217;ha limitat el nombre de treballs presentats per cada autor a dues obres i, de l&#8217;altra, l&#8217;acc\u00e8ssit que donava l&#8217;entitat AdB (anys 2016 i 2017) ara el donar\u00e0 l&#8217;Ajuntament, per\u00f2 se seguir\u00e0 dient AdB per recordar i homenatjar aquells que van comen\u00e7ar a organitzar el concurs literari des d&#8217;aquesta agrupaci\u00f3.<\/span><\/p>\n<p><span style=\"color: #000000;\"><strong><u>BASES<\/u><\/strong><\/span><\/p>\n<p style=\"padding-left: 30px;\"><span style=\"color: #000000;\">1.- Les modalitats seran: Poesia i prosa<\/span><\/p>\n<p style=\"padding-left: 30px;\"><span style=\"color: #000000;\">2.- El tema i la participaci\u00f3 \u00e9s lliure<\/span><\/p>\n<p style=\"padding-left: 30px;\"><span style=\"color: #000000;\">3.- L\u2019extensi\u00f3 de les obres ser\u00e0: Poesia-M\u00e0xim 100 versos i Prosa: Un m\u00e0xim de 6 fulls DIN A-4<\/span><\/p>\n<p style=\"padding-left: 30px;\"><span style=\"color: #000000;\">4.- Idioma: Catal\u00e0 o Castell\u00e0<\/span><\/p>\n<p style=\"padding-left: 30px;\"><span style=\"color: #000000;\">5.- Les obres seran originals i in\u00e8dites, i es presentaran per duplicat a les seg\u00fcents seus:<\/span><\/p>\n<p style=\"padding-left: 60px;\"><span style=\"color: #000000;\">&#8211; Podeu presentar les obres per correu electr\u00f2nic degudament signades i amb el termini establert per les bases. El correu \u00e9s: <a style=\"color: #000000;\" href=\"mailto:info@bisbalpenedes.com\">info@bisbalpenedes.com<\/a>.<\/span><\/p>\n<p style=\"padding-left: 60px;\"><span style=\"color: #000000;\">&#8211; Tamb\u00e9 per correu ordinari a l\u2019adre\u00e7a: c\/ Major, 21, 43717 La Bisbal del Pened\u00e8s<\/span><\/p>\n<p style=\"padding-left: 60px;\"><span style=\"color: #000000;\">&#8211; I presencialment a l\u2019Ajuntament.<\/span><\/p>\n<p style=\"padding-left: 30px;\"><span style=\"color: #000000;\">6.- Data m\u00e0xima d\u2019entrega de treballs: fins al dimarts 3 d\u2019abril de 2018<\/span><\/p>\n<p style=\"padding-left: 30px;\"><span style=\"color: #000000;\">7.- Seran presentades dins d\u2019un sobre identificat amb el mateix pseud\u00f2nim que l\u2019obra, i dins d\u2019aquest sobre, hi anir\u00e0 un altre m\u00e9s petit amb les seg\u00fcents dades:<\/span><\/p>\n<p style=\"padding-left: 60px;\"><span style=\"color: #000000;\">&#8211; Nom i cognoms de l\u2019autor<\/span><\/p>\n<p style=\"padding-left: 60px;\"><span style=\"color: #000000;\">&#8211; Adre\u00e7a<\/span><\/p>\n<p style=\"padding-left: 60px;\"><span style=\"color: #000000;\">&#8211; Tel\u00e8fon de contacte<\/span><\/p>\n<p style=\"padding-left: 30px;\"><span style=\"color: #000000;\">8.- Els premiats seran avisats entre el 16 i 17 d\u2019abril de 2018<\/span><\/p>\n<p style=\"padding-left: 30px;\"><span style=\"color: #000000;\">9.- Els premis seran lliurats en un acte a celebrar el dia 23 d\u2019abril de 2018 en el Centre Municipal de Cultura.<\/span><\/p>\n<p style=\"padding-left: 30px;\"><span style=\"color: #000000;\">10.- Les obres premiades restaran propietat de l\u2019ajuntament que podr\u00e0 fer difusi\u00f3 de l\u2019obra al Butllet\u00ed municipal, p\u00e0gina web, etc. Els premis seran entregats presencialment, el guanyador\/a o el seu representant haur\u00e0 d\u2019assistir al lliurament de premis pr\u00e8via confirmaci\u00f3. En cas de no assistir, el premi quedar\u00e0 desert.<\/span><\/p>\n<p style=\"padding-left: 30px;\"><span style=\"color: #000000;\">11.- El jurat estar\u00e0 format per persones relacionades amb el m\u00f3n cultural de la comarca. Es designaran per Decret d\u2019Alcaldia a proposta de la regidoria de cultura de l\u2019Ajuntament.<\/span><\/p>\n<p style=\"padding-left: 30px;\"><span style=\"color: #000000;\">12.- Cada persona pot presentar un m\u00e0xim de dues obres<\/span><\/p>\n<p><span style=\"color: #000000;\"><strong><u>PREMIS<\/u><\/strong><\/span><\/p>\n<p style=\"padding-left: 30px;\"><span style=\"color: #000000;\"><u>1er Premi<\/u>: Tant per a poesia com per a prosa: 200 euros, lot de llibres i diploma commemoratiu.<\/span><\/p>\n<p style=\"padding-left: 30px;\"><span style=\"color: #000000;\"><u>2n Premi:<\/u> Tant per a poesia com per a prosa: 150 euros, lot de llibres i diploma commemoratiu.<\/span><\/p>\n<p style=\"padding-left: 30px;\"><span style=\"color: #000000;\"><u>3er Premi<\/u>: Tant per a poesia com per a prosa: 100 euros, lot de llibres i diploma commemoratiu.<\/span><\/p>\n<p style=\"padding-left: 30px;\"><span style=\"color: #000000;\"><u>4rt Premi<\/u>: Acc\u00e8ssit Premi Especial ADB, per aquelles obres de poesia i prosa que tinguin tem\u00e0tica bisbalenca de qualsevol classe. 300 euros al guanyador de l\u2019acc\u00e8ssit.<\/span><\/p>\n<p>&nbsp;<\/p>\n<p><span style=\"color: #000000;\">&#8211;\u00a0\u00a0\u00a0\u00a0\u00a0\u00a0\u00a0\u00a0\u00a0 El jurat podr\u00e0 deixar desert qualsevol dels premis anteriors<\/span><\/p>\n<p><span style=\"color: #000000;\">&#8211;\u00a0\u00a0\u00a0\u00a0\u00a0\u00a0\u00a0\u00a0\u00a0 El fet de participar suposa l\u2019acceptaci\u00f3 d\u2019aquestes BASES<\/span><\/p>\n<p><span style=\"color: #000000;\">&#8211;\u00a0\u00a0\u00a0\u00a0\u00a0\u00a0\u00a0\u00a0\u00a0 Qualsevol aspecte no previst en aquestes BASES ser\u00e0 resolt per la comissi\u00f3 organitzadora.<\/span><\/p>\n","protected":false},"excerpt":{"rendered":"<p>La Regidoria de Cultura de l&#8217;Ajuntament de la Bisbal del Pened\u00e8s tira endavant, un any m\u00e9s, el Concurs Literari Sant Jordi. Enguany el concurs arriba a la seva 10\u00aa edici\u00f3 &hellip; <a href=\"https:\/\/bisbalpenedes.com\/web\/2018\/03\/02\/sobre-la-convocatoria-per-presentar-treballs-a-la-10a-edicio-del-concurs-literari-de-sant-jordi-de-la-bisbal\/\" class=\"more-link\">Read More<\/a><\/p>\n","protected":false},"author":4,"featured_media":4988,"comment_status":"closed","ping_status":"closed","sticky":false,"template":"","format":"standard","meta":[],"categories":[13],"tags":[344,176,226,1008,1361,340,148,342,178,341,64],"_links":{"self":[{"href":"https:\/\/bisbalpenedes.com\/web\/wp-json\/wp\/v2\/posts\/4859"}],"collection":[{"href":"https:\/\/bisbalpenedes.com\/web\/wp-json\/wp\/v2\/posts"}],"about":[{"href":"https:\/\/bisbalpenedes.com\/web\/wp-json\/wp\/v2\/types\/post"}],"author":[{"embeddable":true,"href":"https:\/\/bisbalpenedes.com\/web\/wp-json\/wp\/v2\/users\/4"}],"replies":[{"embeddable":true,"href":"https:\/\/bisbalpenedes.com\/web\/wp-json\/wp\/v2\/comments?post=4859"}],"version-history":[{"count":5,"href":"https:\/\/bisbalpenedes.com\/web\/wp-json\/wp\/v2\/posts\/4859\/revisions"}],"predecessor-version":[{"id":4872,"href":"https:\/\/bisbalpenedes.com\/web\/wp-json\/wp\/v2\/posts\/4859\/revisions\/4872"}],"wp:featuredmedia":[{"embeddable":true,"href":"https:\/\/bisbalpenedes.com\/web\/wp-json\/wp\/v2\/media\/4988"}],"wp:attachment":[{"href":"https:\/\/bisbalpenedes.com\/web\/wp-json\/wp\/v2\/media?parent=4859"}],"wp:term":[{"taxonomy":"category","embeddable":true,"href":"https:\/\/bisbalpenedes.com\/web\/wp-json\/wp\/v2\/categories?post=4859"},{"taxonomy":"post_tag","embeddable":true,"href":"https:\/\/bisbalpenedes.com\/web\/wp-json\/wp\/v2\/tags?post=4859"}],"curies":[{"name":"wp","href":"https:\/\/api.w.org\/{rel}","templated":true}]}}