{"id":4833,"date":"2018-03-07T00:01:41","date_gmt":"2018-03-06T23:01:41","guid":{"rendered":"http:\/\/bisbalpenedes.com\/web\/?p=4833"},"modified":"2018-03-07T20:50:19","modified_gmt":"2018-03-07T19:50:19","slug":"la-psicologa-aroa-mateo-valero-presentara-el-llibre-el-mando-de-las-emociones-a-la-bisbal-del-penedes","status":"publish","type":"post","link":"https:\/\/bisbalpenedes.com\/web\/2018\/03\/07\/la-psicologa-aroa-mateo-valero-presentara-el-llibre-el-mando-de-las-emociones-a-la-bisbal-del-penedes\/","title":{"rendered":"La psic\u00f2loga Aroa Mateo Valero presentar\u00e0 el llibre \u2018El mando de las emociones\u2019 a la Bisbal del Pened\u00e8s"},"content":{"rendered":"<p>La psic\u00f2loga Aroa Mateo Valero presentar\u00e0 el\u00a0conte il\u00b7lustrat &#8216;El mando de las emociones\u2019 al CMC\u00a0el dissabte 10 de mar\u00e7 a les 18h.<\/p>\n<p>Es tracta d\u2019un conte, amb il\u00b7lustracions d&#8217;Alicia Mart\u00ednez, que explica la hist\u00f2ria de la \u2018Valentina\u2019:<\/p>\n<p style=\"padding-left: 30px;\">\u201cLa Valentina se sent feli\u00e7, acaba de rebre un regal que li fascina i se sent il\u00b7lusionada per poder mostrar-lo a les seves amigues. Per\u00f2 aquesta felicitat s\u2019esvaeix quan el mostra perqu\u00e8 no rep la resposta que ella esperava. Aix\u00f2 li genera emocions de tristesa i vergonya, que nom\u00e9s aconseguir\u00e0 superar quan aprengui a gestionar les seves emocions, controlant-les i fent que aquestes nom\u00e9s depenguin d\u2019ella mateixa. I ho aconsegueix gr\u00e0cies a una gran eina, que li proporciona un bon amic: <em>El mando de las emociones<\/em>&#8221; (Font: Editorial Babidibu Libros)<\/p>\n<p>El llibre funciona com una guia per treballar i millorar la intel\u00b7lig\u00e8ncia emocional, amb la qual cosa aprendrem la import\u00e0ncia que tenen les emocions i com ho podem fer per gestionar-les.<\/p>\n<p>Aroa Mateo Valero, autora de \u201cEl mando de las emociones\u2019, \u00e9s psic\u00f2loga de professi\u00f3 i la idea del llibre li va venir fent una consulta de psicologia amb un infant. El llibre va adre\u00e7at al p\u00fablic infantil per\u00f2 l&#8217;autora explica que tots, petits i grans, en podem treure profit.<\/p>\n<p><a href=\"http:\/\/bisbalpenedes.com\/web\/wp-content\/uploads\/2018\/02\/LLIBRE_MANDO_A.jpg\"><img loading=\"lazy\" class=\"aligncenter size-large wp-image-4811\" src=\"http:\/\/bisbalpenedes.com\/web\/wp-content\/uploads\/2018\/02\/LLIBRE_MANDO_A-724x1024.jpg\" alt=\"LLIBRE_MANDO_A\" width=\"630\" height=\"891\" srcset=\"https:\/\/bisbalpenedes.com\/web\/wp-content\/uploads\/2018\/02\/LLIBRE_MANDO_A-724x1024.jpg 724w, https:\/\/bisbalpenedes.com\/web\/wp-content\/uploads\/2018\/02\/LLIBRE_MANDO_A-600x848.jpg 600w, https:\/\/bisbalpenedes.com\/web\/wp-content\/uploads\/2018\/02\/LLIBRE_MANDO_A-212x300.jpg 212w, https:\/\/bisbalpenedes.com\/web\/wp-content\/uploads\/2018\/02\/LLIBRE_MANDO_A-768x1086.jpg 768w, https:\/\/bisbalpenedes.com\/web\/wp-content\/uploads\/2018\/02\/LLIBRE_MANDO_A.jpg 1754w\" sizes=\"(max-width: 630px) 100vw, 630px\" \/><\/a><\/p>\n","protected":false},"excerpt":{"rendered":"<p>La psic\u00f2loga Aroa Mateo Valero presentar\u00e0 el\u00a0conte il\u00b7lustrat &#8216;El mando de las emociones\u2019 al CMC\u00a0el dissabte 10 de mar\u00e7 a les 18h. Es tracta d\u2019un conte, amb il\u00b7lustracions d&#8217;Alicia Mart\u00ednez, &hellip; <a href=\"https:\/\/bisbalpenedes.com\/web\/2018\/03\/07\/la-psicologa-aroa-mateo-valero-presentara-el-llibre-el-mando-de-las-emociones-a-la-bisbal-del-penedes\/\" class=\"more-link\">Read More<\/a><\/p>\n","protected":false},"author":4,"featured_media":4835,"comment_status":"closed","ping_status":"closed","sticky":false,"template":"","format":"standard","meta":[],"categories":[13],"tags":[1354,1353,1351,1350,735,1355,47,1352,501],"_links":{"self":[{"href":"https:\/\/bisbalpenedes.com\/web\/wp-json\/wp\/v2\/posts\/4833"}],"collection":[{"href":"https:\/\/bisbalpenedes.com\/web\/wp-json\/wp\/v2\/posts"}],"about":[{"href":"https:\/\/bisbalpenedes.com\/web\/wp-json\/wp\/v2\/types\/post"}],"author":[{"embeddable":true,"href":"https:\/\/bisbalpenedes.com\/web\/wp-json\/wp\/v2\/users\/4"}],"replies":[{"embeddable":true,"href":"https:\/\/bisbalpenedes.com\/web\/wp-json\/wp\/v2\/comments?post=4833"}],"version-history":[{"count":5,"href":"https:\/\/bisbalpenedes.com\/web\/wp-json\/wp\/v2\/posts\/4833\/revisions"}],"predecessor-version":[{"id":4843,"href":"https:\/\/bisbalpenedes.com\/web\/wp-json\/wp\/v2\/posts\/4833\/revisions\/4843"}],"wp:featuredmedia":[{"embeddable":true,"href":"https:\/\/bisbalpenedes.com\/web\/wp-json\/wp\/v2\/media\/4835"}],"wp:attachment":[{"href":"https:\/\/bisbalpenedes.com\/web\/wp-json\/wp\/v2\/media?parent=4833"}],"wp:term":[{"taxonomy":"category","embeddable":true,"href":"https:\/\/bisbalpenedes.com\/web\/wp-json\/wp\/v2\/categories?post=4833"},{"taxonomy":"post_tag","embeddable":true,"href":"https:\/\/bisbalpenedes.com\/web\/wp-json\/wp\/v2\/tags?post=4833"}],"curies":[{"name":"wp","href":"https:\/\/api.w.org\/{rel}","templated":true}]}}