{"id":4820,"date":"2018-02-28T16:56:59","date_gmt":"2018-02-28T15:56:59","guid":{"rendered":"http:\/\/bisbalpenedes.com\/web\/?p=4820"},"modified":"2018-02-28T18:38:25","modified_gmt":"2018-02-28T17:38:25","slug":"aquest-diumenge-4-de-marc-tindra-lloc-la-festa-del-vi-jove-i-loli-novell-a-la-bisbal-del-penedes","status":"publish","type":"post","link":"https:\/\/bisbalpenedes.com\/web\/2018\/02\/28\/aquest-diumenge-4-de-marc-tindra-lloc-la-festa-del-vi-jove-i-loli-novell-a-la-bisbal-del-penedes\/","title":{"rendered":"Aquest diumenge 4 de mar\u00e7 tindr\u00e0 lloc la &#8216;Festa del vi jove i l&#8217;oli novell&#8217; a La Bisbal del Pened\u00e8s"},"content":{"rendered":"<p><a href=\"http:\/\/bisbalpenedes.com\/web\/wp-content\/uploads\/2018\/02\/FESTA-VI-JOVE-I-OLI-NOVELL.jpg\"><img loading=\"lazy\" class=\"aligncenter size-medium wp-image-4812\" src=\"http:\/\/bisbalpenedes.com\/web\/wp-content\/uploads\/2018\/02\/FESTA-VI-JOVE-I-OLI-NOVELL-212x300.jpg\" alt=\"FESTA VI JOVE I OLI NOVELL\" width=\"212\" height=\"300\" srcset=\"https:\/\/bisbalpenedes.com\/web\/wp-content\/uploads\/2018\/02\/FESTA-VI-JOVE-I-OLI-NOVELL-212x300.jpg 212w, https:\/\/bisbalpenedes.com\/web\/wp-content\/uploads\/2018\/02\/FESTA-VI-JOVE-I-OLI-NOVELL-600x851.jpg 600w, https:\/\/bisbalpenedes.com\/web\/wp-content\/uploads\/2018\/02\/FESTA-VI-JOVE-I-OLI-NOVELL.jpg 720w\" sizes=\"(max-width: 212px) 100vw, 212px\" \/><\/a><\/p>\n<p>Aquest diumenge 4 de mar\u00e7 tindr\u00e0 lloc la &#8216;Festa del vi jove i l&#8217;Oli novell&#8217; a La\u00a0Bisbal. S&#8217;han previst diverses activitats:\u00a0esmorzar, exposici\u00f3 i venda de vi, oli i cava; paradetes de productes alimentaris i artesans; mostra d\u2019oficis antics; agrupaci\u00f3 de grups culturals locals: Colla Castellera Els Bous, Gegants i Grallers de la Societat, Ball de Gitanes, Ball de Diables\u2026<\/p>\n<p>Tot plegat comen\u00e7ar\u00e0 a les 9.00h a la Cooperativa de Cellers Domenys.<\/p>\n<div class=\"row\">\n<div class=\"col-md-12\">\n<h4>HORARIS<\/h4>\n<\/div>\n<\/div>\n<div class=\"row\">\n<div class=\"col-md-6\">\n<ul>\n<li><strong>9 h<\/strong>: obertura de la Festa del Vi Jove i Oli Novell 2018 i venda de tiquets per a l&#8217;esmorzar.<\/li>\n<li><strong>9 h &#8211; 13 h<\/strong>: mercadet de paradetes d&#8217;artesans i mostra d&#8217;oficis antics.<\/li>\n<li><strong>9.30 h &#8211; 12 h<\/strong>: degustaci\u00f3 de l&#8217;esmorzar popular.<\/li>\n<li><strong>10.30 h &#8211; 11.30 h<\/strong>: actuacions de grups locals.<\/li>\n<\/ul>\n<\/div>\n<div class=\"col-md-6\">\n<ul>\n<li><strong>11.30 h &#8211; 12 h<\/strong>: parlaments.<\/li>\n<li><strong>12 h &#8211; 13.15 h<\/strong>: actuaci\u00f3 i animaci\u00f3 musical.<\/li>\n<li><strong>13.15 h<\/strong>: lliurament del premi Lot Domenio (concurs a Instagram).<\/li>\n<li><strong>13.30 h<\/strong>: fi de festa<\/li>\n<\/ul>\n<\/div>\n<\/div>\n<p><a href=\"http:\/\/bisbalpenedes.com\/web\/wp-content\/uploads\/2018\/02\/0001.jpg\"><img loading=\"lazy\" class=\"aligncenter size-medium wp-image-4822\" src=\"http:\/\/bisbalpenedes.com\/web\/wp-content\/uploads\/2018\/02\/0001-300x212.jpg\" alt=\"0001\" width=\"300\" height=\"212\" srcset=\"https:\/\/bisbalpenedes.com\/web\/wp-content\/uploads\/2018\/02\/0001-300x212.jpg 300w, https:\/\/bisbalpenedes.com\/web\/wp-content\/uploads\/2018\/02\/0001-600x424.jpg 600w, https:\/\/bisbalpenedes.com\/web\/wp-content\/uploads\/2018\/02\/0001-768x543.jpg 768w, https:\/\/bisbalpenedes.com\/web\/wp-content\/uploads\/2018\/02\/0001-1024x724.jpg 1024w\" sizes=\"(max-width: 300px) 100vw, 300px\" \/><\/a><\/p>\n<p>&nbsp;<\/p>\n<p>Per a m\u00e9s informaci\u00f3 podeu adre\u00e7ar-vos al web:\u00a0<a href=\"https:\/\/cellersdomenys.com\/festa\/index.html#\">https:\/\/cellersdomenys.com\/festa\/index.html#<\/a><\/p>\n<p>&nbsp;<\/p>\n<p>&nbsp;<\/p>\n","protected":false},"excerpt":{"rendered":"<p>Aquest diumenge 4 de mar\u00e7 tindr\u00e0 lloc la &#8216;Festa del vi jove i l&#8217;Oli novell&#8217; a La\u00a0Bisbal. S&#8217;han previst diverses activitats:\u00a0esmorzar, exposici\u00f3 i venda de vi, oli i cava; paradetes &hellip; <a href=\"https:\/\/bisbalpenedes.com\/web\/2018\/02\/28\/aquest-diumenge-4-de-marc-tindra-lloc-la-festa-del-vi-jove-i-loli-novell-a-la-bisbal-del-penedes\/\" class=\"more-link\">Read More<\/a><\/p>\n","protected":false},"author":4,"featured_media":4812,"comment_status":"closed","ping_status":"closed","sticky":false,"template":"","format":"standard","meta":[],"categories":[20,4],"tags":[692,1348,378,1349,953,78,238,300,1347,1346,1345],"_links":{"self":[{"href":"https:\/\/bisbalpenedes.com\/web\/wp-json\/wp\/v2\/posts\/4820"}],"collection":[{"href":"https:\/\/bisbalpenedes.com\/web\/wp-json\/wp\/v2\/posts"}],"about":[{"href":"https:\/\/bisbalpenedes.com\/web\/wp-json\/wp\/v2\/types\/post"}],"author":[{"embeddable":true,"href":"https:\/\/bisbalpenedes.com\/web\/wp-json\/wp\/v2\/users\/4"}],"replies":[{"embeddable":true,"href":"https:\/\/bisbalpenedes.com\/web\/wp-json\/wp\/v2\/comments?post=4820"}],"version-history":[{"count":7,"href":"https:\/\/bisbalpenedes.com\/web\/wp-json\/wp\/v2\/posts\/4820\/revisions"}],"predecessor-version":[{"id":4832,"href":"https:\/\/bisbalpenedes.com\/web\/wp-json\/wp\/v2\/posts\/4820\/revisions\/4832"}],"wp:featuredmedia":[{"embeddable":true,"href":"https:\/\/bisbalpenedes.com\/web\/wp-json\/wp\/v2\/media\/4812"}],"wp:attachment":[{"href":"https:\/\/bisbalpenedes.com\/web\/wp-json\/wp\/v2\/media?parent=4820"}],"wp:term":[{"taxonomy":"category","embeddable":true,"href":"https:\/\/bisbalpenedes.com\/web\/wp-json\/wp\/v2\/categories?post=4820"},{"taxonomy":"post_tag","embeddable":true,"href":"https:\/\/bisbalpenedes.com\/web\/wp-json\/wp\/v2\/tags?post=4820"}],"curies":[{"name":"wp","href":"https:\/\/api.w.org\/{rel}","templated":true}]}}