{"id":4802,"date":"2018-02-26T19:59:46","date_gmt":"2018-02-26T18:59:46","guid":{"rendered":"http:\/\/bisbalpenedes.com\/web\/?p=4802"},"modified":"2018-02-26T20:05:59","modified_gmt":"2018-02-26T19:05:59","slug":"tanimes-a-llegir-en-catala-aquest-dimecres-a-les-10h-tens-una-cita-a-la-biblioteca","status":"publish","type":"post","link":"https:\/\/bisbalpenedes.com\/web\/2018\/02\/26\/tanimes-a-llegir-en-catala-aquest-dimecres-a-les-10h-tens-una-cita-a-la-biblioteca\/","title":{"rendered":"T&#8217;animes a llegir en catal\u00e0? Aquest dimecres a les 10h tens una cita a la Biblioteca!"},"content":{"rendered":"<p>La Biblioteca P\u00fablica de la Bisbal mant\u00e9 obertes les inscripcions del Club de Lectura F\u00e0cil en Catal\u00e0 que organitzen el Consorci per a la Normalitzaci\u00f3 Ling\u00fc\u00edstica i la Regidoria de Cultura. Es tracta d\u2019un Club adre\u00e7at a aquelles persones que no estan acostumades a llegir llibres en catal\u00e0 i que, a m\u00e9s, volen millorar la comprensi\u00f3 lectora i la flu\u00efdesa a l\u2019hora de parlar.<\/p>\n<p>Al Club, que va comen\u00e7ar\u00a0al gener, es llegeixen petits llibres en catal\u00e0 i es fan trobades mensuals per parlar-ne. Aquestes trobades tenen lloc el darrer dimecres de cada mes, de les 10 a les 11.30h, a la mateixa Biblioteca. La propera reuni\u00f3 tindr\u00e0 lloc aquest dimecres 28 de febrer i es comentar\u00e0 el llibre &#8220;Cavall de guerra&#8221; de Michael Morpurgo. El llibre proposat per llegir durant el seg\u00fcent per\u00edode \u00e9s &#8220;Maurice o la cabana del pescador&#8221; de Mary Shelley.<\/p>\n<p><a href=\"http:\/\/bisbalpenedes.com\/web\/wp-content\/uploads\/2018\/02\/cavall-de-guerra_9788499324678.jpg\"><img loading=\"lazy\" class=\"aligncenter size-full wp-image-4806\" src=\"http:\/\/bisbalpenedes.com\/web\/wp-content\/uploads\/2018\/02\/cavall-de-guerra_9788499324678.jpg\" alt=\"cavall-de-guerra_9788499324678\" width=\"252\" height=\"399\" srcset=\"https:\/\/bisbalpenedes.com\/web\/wp-content\/uploads\/2018\/02\/cavall-de-guerra_9788499324678.jpg 252w, https:\/\/bisbalpenedes.com\/web\/wp-content\/uploads\/2018\/02\/cavall-de-guerra_9788499324678-189x300.jpg 189w\" sizes=\"(max-width: 252px) 100vw, 252px\" \/><\/a><a href=\"http:\/\/bisbalpenedes.com\/web\/wp-content\/uploads\/2018\/02\/Maurice_CAT.jpg.190x274_q85.jpg\"><img loading=\"lazy\" class=\"aligncenter size-full wp-image-4807\" src=\"http:\/\/bisbalpenedes.com\/web\/wp-content\/uploads\/2018\/02\/Maurice_CAT.jpg.190x274_q85.jpg\" alt=\"Maurice_CAT.jpg.190x274_q85\" width=\"190\" height=\"249\" \/><\/a><\/p>\n<p>Per a m\u00e9s informaci\u00f3 i inscripcions us podeu adre\u00e7ar a la Biblioteca P\u00fablica, ubicada al CMC, les tardes de dilluns a divendres (16.30h a 20.30h) i els dimecres al mat\u00ed (10 a 13h). L\u2019activitat \u00e9s gratu\u00efta.<\/p>\n<p><a href=\"http:\/\/bisbalpenedes.com\/web\/wp-content\/uploads\/2018\/01\/CLUB_LECT_FACIL_2018c.jpg\"><img loading=\"lazy\" class=\"aligncenter size-large wp-image-4188\" src=\"http:\/\/bisbalpenedes.com\/web\/wp-content\/uploads\/2018\/01\/CLUB_LECT_FACIL_2018c-726x1024.jpg\" alt=\"CLUB_LECTura_FACIL_2018c\" width=\"630\" height=\"889\" srcset=\"https:\/\/bisbalpenedes.com\/web\/wp-content\/uploads\/2018\/01\/CLUB_LECT_FACIL_2018c-726x1024.jpg 726w, https:\/\/bisbalpenedes.com\/web\/wp-content\/uploads\/2018\/01\/CLUB_LECT_FACIL_2018c-600x846.jpg 600w, https:\/\/bisbalpenedes.com\/web\/wp-content\/uploads\/2018\/01\/CLUB_LECT_FACIL_2018c-213x300.jpg 213w, https:\/\/bisbalpenedes.com\/web\/wp-content\/uploads\/2018\/01\/CLUB_LECT_FACIL_2018c-768x1083.jpg 768w, https:\/\/bisbalpenedes.com\/web\/wp-content\/uploads\/2018\/01\/CLUB_LECT_FACIL_2018c.jpg 945w\" sizes=\"(max-width: 630px) 100vw, 630px\" \/><\/a><\/p>\n","protected":false},"excerpt":{"rendered":"<p>La Biblioteca P\u00fablica de la Bisbal mant\u00e9 obertes les inscripcions del Club de Lectura F\u00e0cil en Catal\u00e0 que organitzen el Consorci per a la Normalitzaci\u00f3 Ling\u00fc\u00edstica i la Regidoria de &hellip; <a href=\"https:\/\/bisbalpenedes.com\/web\/2018\/02\/26\/tanimes-a-llegir-en-catala-aquest-dimecres-a-les-10h-tens-una-cita-a-la-biblioteca\/\" class=\"more-link\">Read More<\/a><\/p>\n","protected":false},"author":4,"featured_media":4806,"comment_status":"closed","ping_status":"closed","sticky":false,"template":"","format":"standard","meta":[],"categories":[13],"tags":[180,118,1343,1341,1342,414,1344],"_links":{"self":[{"href":"https:\/\/bisbalpenedes.com\/web\/wp-json\/wp\/v2\/posts\/4802"}],"collection":[{"href":"https:\/\/bisbalpenedes.com\/web\/wp-json\/wp\/v2\/posts"}],"about":[{"href":"https:\/\/bisbalpenedes.com\/web\/wp-json\/wp\/v2\/types\/post"}],"author":[{"embeddable":true,"href":"https:\/\/bisbalpenedes.com\/web\/wp-json\/wp\/v2\/users\/4"}],"replies":[{"embeddable":true,"href":"https:\/\/bisbalpenedes.com\/web\/wp-json\/wp\/v2\/comments?post=4802"}],"version-history":[{"count":4,"href":"https:\/\/bisbalpenedes.com\/web\/wp-json\/wp\/v2\/posts\/4802\/revisions"}],"predecessor-version":[{"id":4810,"href":"https:\/\/bisbalpenedes.com\/web\/wp-json\/wp\/v2\/posts\/4802\/revisions\/4810"}],"wp:featuredmedia":[{"embeddable":true,"href":"https:\/\/bisbalpenedes.com\/web\/wp-json\/wp\/v2\/media\/4806"}],"wp:attachment":[{"href":"https:\/\/bisbalpenedes.com\/web\/wp-json\/wp\/v2\/media?parent=4802"}],"wp:term":[{"taxonomy":"category","embeddable":true,"href":"https:\/\/bisbalpenedes.com\/web\/wp-json\/wp\/v2\/categories?post=4802"},{"taxonomy":"post_tag","embeddable":true,"href":"https:\/\/bisbalpenedes.com\/web\/wp-json\/wp\/v2\/tags?post=4802"}],"curies":[{"name":"wp","href":"https:\/\/api.w.org\/{rel}","templated":true}]}}