{"id":4800,"date":"2018-02-26T18:27:54","date_gmt":"2018-02-26T17:27:54","guid":{"rendered":"http:\/\/bisbalpenedes.com\/web\/?p=4800"},"modified":"2018-02-26T18:27:54","modified_gmt":"2018-02-26T17:27:54","slug":"lajuntament-de-la-bisbal-ha-cessat-el-carrec-de-confianca-adscrit-a-les-arees-de-benestar-social-i-educacio","status":"publish","type":"post","link":"https:\/\/bisbalpenedes.com\/web\/2018\/02\/26\/lajuntament-de-la-bisbal-ha-cessat-el-carrec-de-confianca-adscrit-a-les-arees-de-benestar-social-i-educacio\/","title":{"rendered":"L\u2019Ajuntament de la Bisbal ha cessat el c\u00e0rrec de confian\u00e7a adscrit a les \u00e0rees de Benestar Social i Educaci\u00f3"},"content":{"rendered":"<p>&nbsp;<\/p>\n<p>L\u2019Ajuntament de la Bisbal ha cessat Daniel Caballero Casta\u00f1o, el c\u00e0rrec de confian\u00e7a de les \u00e0rees de Benestar Social i Educaci\u00f3, a petici\u00f3 de la 1\u00aa tinent d\u2019alcalde i regidora de les \u00e0rees esmentades, Maguy Antol\u00edn.<\/p>\n<p>El cessament s\u2019ha produ\u00eft per una p\u00e8rdua de confian\u00e7a cap al c\u00e0rrec per part de la 1\u00aa tinent alcalde de l\u2019Ajuntament. Caballero havia estat c\u00e0rrec de confian\u00e7a des del 22 de juny de 2015. Ara el c\u00e0rrec quedar\u00e0 vacant fins que es nomeni un nou c\u00e0rrec de confian\u00e7a que substitueixi l\u2019anterior.<\/p>\n<p>&nbsp;<\/p>\n","protected":false},"excerpt":{"rendered":"<p>&nbsp; L\u2019Ajuntament de la Bisbal ha cessat Daniel Caballero Casta\u00f1o, el c\u00e0rrec de confian\u00e7a de les \u00e0rees de Benestar Social i Educaci\u00f3, a petici\u00f3 de la 1\u00aa tinent d\u2019alcalde i &hellip; <a href=\"https:\/\/bisbalpenedes.com\/web\/2018\/02\/26\/lajuntament-de-la-bisbal-ha-cessat-el-carrec-de-confianca-adscrit-a-les-arees-de-benestar-social-i-educacio\/\" class=\"more-link\">Read More<\/a><\/p>\n","protected":false},"author":4,"featured_media":4174,"comment_status":"closed","ping_status":"closed","sticky":false,"template":"","format":"standard","meta":[],"categories":[4],"tags":[],"_links":{"self":[{"href":"https:\/\/bisbalpenedes.com\/web\/wp-json\/wp\/v2\/posts\/4800"}],"collection":[{"href":"https:\/\/bisbalpenedes.com\/web\/wp-json\/wp\/v2\/posts"}],"about":[{"href":"https:\/\/bisbalpenedes.com\/web\/wp-json\/wp\/v2\/types\/post"}],"author":[{"embeddable":true,"href":"https:\/\/bisbalpenedes.com\/web\/wp-json\/wp\/v2\/users\/4"}],"replies":[{"embeddable":true,"href":"https:\/\/bisbalpenedes.com\/web\/wp-json\/wp\/v2\/comments?post=4800"}],"version-history":[{"count":1,"href":"https:\/\/bisbalpenedes.com\/web\/wp-json\/wp\/v2\/posts\/4800\/revisions"}],"predecessor-version":[{"id":4801,"href":"https:\/\/bisbalpenedes.com\/web\/wp-json\/wp\/v2\/posts\/4800\/revisions\/4801"}],"wp:featuredmedia":[{"embeddable":true,"href":"https:\/\/bisbalpenedes.com\/web\/wp-json\/wp\/v2\/media\/4174"}],"wp:attachment":[{"href":"https:\/\/bisbalpenedes.com\/web\/wp-json\/wp\/v2\/media?parent=4800"}],"wp:term":[{"taxonomy":"category","embeddable":true,"href":"https:\/\/bisbalpenedes.com\/web\/wp-json\/wp\/v2\/categories?post=4800"},{"taxonomy":"post_tag","embeddable":true,"href":"https:\/\/bisbalpenedes.com\/web\/wp-json\/wp\/v2\/tags?post=4800"}],"curies":[{"name":"wp","href":"https:\/\/api.w.org\/{rel}","templated":true}]}}