{"id":4794,"date":"2018-02-26T17:31:40","date_gmt":"2018-02-26T16:31:40","guid":{"rendered":"http:\/\/bisbalpenedes.com\/web\/?p=4794"},"modified":"2018-02-26T17:31:40","modified_gmt":"2018-02-26T16:31:40","slug":"avis-proteccio-civil-ha-activat-el-pla-neucat-per-risc-de-nevades-fortes","status":"publish","type":"post","link":"https:\/\/bisbalpenedes.com\/web\/2018\/02\/26\/avis-proteccio-civil-ha-activat-el-pla-neucat-per-risc-de-nevades-fortes\/","title":{"rendered":"AV\u00cdS|| Protecci\u00f3 Civil ha activat el pla Neucat per risc de nevades fortes"},"content":{"rendered":"<p>Protecci\u00f3 Civil ha activat el pla\u00a0<span class=\"_5afx\"><span class=\"_58cl _5afz\">NEUCAT<\/span><\/span>\u00a0per risc de nevades fortes. La brigada municipal de\u00a0<span class=\"_5afx\"><span class=\"_58cl _5afz\">la Bisbal<\/span><\/span>\u00a0ja ha escampat sal en diversos punts del municipi, com ara en carrers amb\u00a0gran pendent\u00a0de\u00a0La Masieta, el Priorat de la Bisbal, l&#8217;Esplai o Can Gordei.<\/p>\n<p>En Centre de Coordinaci\u00f3 Operativa de Catalunya (CECAT) ha informat que\u00a0d&#8217;acord a les previsions meteorol\u00f2giques emeses pel Servei Meteorol\u00f2gic de Catalunya i per les afectacions que es preveu que se&#8217;n poden derivar, s&#8217;ha activat el Pla especial d&#8217;emerg\u00e8ncies per nevades a Catalunya (NEUCAT) en fase d&#8217;ALERTA.<\/p>\n<p>Es mantenen les previsions de nevades generalitzades a Catalunya des d&#8217;avui fins al dimecres. La cota de neu pot baixar\u00a0fins als 200 metres. Dem\u00e0 les nevades es mantindran de forma extensa, es preveuen gruixos al litoral d&#8217;entre 0-3 cm i a la resta del territori es registraran d&#8217;entre 3 i 10 cm. El dimecres l&#8217;episodi s&#8217;allargar\u00e0 fins a la tarda. A partir de mig mat\u00ed la cota de neu anir\u00e0 pujant progressivament de sud a nord. Excepte al vessant sud del Prepirineu on les nevades persistiran fins a la tarda.<\/p>\n<p>Les principals vies que es poden veure afectades per les nevades s\u00f3n:<\/p>\n<p>C-25, C-17, C-16, C-55, C-58, C-14, A-2, AP-7, C-32 i N-II<\/p>\n<p><a href=\"http:\/\/bisbalpenedes.com\/web\/wp-content\/uploads\/2018\/02\/consells-nevades.jpg\"><img loading=\"lazy\" class=\"aligncenter size-full wp-image-4795\" src=\"http:\/\/bisbalpenedes.com\/web\/wp-content\/uploads\/2018\/02\/consells-nevades.jpg\" alt=\"consells nevades\" width=\"487\" height=\"640\" srcset=\"https:\/\/bisbalpenedes.com\/web\/wp-content\/uploads\/2018\/02\/consells-nevades.jpg 487w, https:\/\/bisbalpenedes.com\/web\/wp-content\/uploads\/2018\/02\/consells-nevades-228x300.jpg 228w\" sizes=\"(max-width: 487px) 100vw, 487px\" \/><\/a><\/p>\n","protected":false},"excerpt":{"rendered":"<p>Protecci\u00f3 Civil ha activat el pla\u00a0NEUCAT\u00a0per risc de nevades fortes. La brigada municipal de\u00a0la Bisbal\u00a0ja ha escampat sal en diversos punts del municipi, com ara en carrers amb\u00a0gran pendent\u00a0de\u00a0La Masieta, &hellip; <a href=\"https:\/\/bisbalpenedes.com\/web\/2018\/02\/26\/avis-proteccio-civil-ha-activat-el-pla-neucat-per-risc-de-nevades-fortes\/\" class=\"more-link\">Read More<\/a><\/p>\n","protected":false},"author":4,"featured_media":4795,"comment_status":"closed","ping_status":"closed","sticky":false,"template":"","format":"standard","meta":[],"categories":[4],"tags":[1340,1338,131,1190,1339],"_links":{"self":[{"href":"https:\/\/bisbalpenedes.com\/web\/wp-json\/wp\/v2\/posts\/4794"}],"collection":[{"href":"https:\/\/bisbalpenedes.com\/web\/wp-json\/wp\/v2\/posts"}],"about":[{"href":"https:\/\/bisbalpenedes.com\/web\/wp-json\/wp\/v2\/types\/post"}],"author":[{"embeddable":true,"href":"https:\/\/bisbalpenedes.com\/web\/wp-json\/wp\/v2\/users\/4"}],"replies":[{"embeddable":true,"href":"https:\/\/bisbalpenedes.com\/web\/wp-json\/wp\/v2\/comments?post=4794"}],"version-history":[{"count":1,"href":"https:\/\/bisbalpenedes.com\/web\/wp-json\/wp\/v2\/posts\/4794\/revisions"}],"predecessor-version":[{"id":4796,"href":"https:\/\/bisbalpenedes.com\/web\/wp-json\/wp\/v2\/posts\/4794\/revisions\/4796"}],"wp:featuredmedia":[{"embeddable":true,"href":"https:\/\/bisbalpenedes.com\/web\/wp-json\/wp\/v2\/media\/4795"}],"wp:attachment":[{"href":"https:\/\/bisbalpenedes.com\/web\/wp-json\/wp\/v2\/media?parent=4794"}],"wp:term":[{"taxonomy":"category","embeddable":true,"href":"https:\/\/bisbalpenedes.com\/web\/wp-json\/wp\/v2\/categories?post=4794"},{"taxonomy":"post_tag","embeddable":true,"href":"https:\/\/bisbalpenedes.com\/web\/wp-json\/wp\/v2\/tags?post=4794"}],"curies":[{"name":"wp","href":"https:\/\/api.w.org\/{rel}","templated":true}]}}