{"id":4787,"date":"2018-02-24T12:22:15","date_gmt":"2018-02-24T11:22:15","guid":{"rendered":"http:\/\/bisbalpenedes.com\/web\/?p=4787"},"modified":"2018-02-24T12:22:15","modified_gmt":"2018-02-24T11:22:15","slug":"shan-aprovat-els-beneficiaris-de-la-convocatoria-de-subvencions-del-transport-escolar","status":"publish","type":"post","link":"https:\/\/bisbalpenedes.com\/web\/2018\/02\/24\/shan-aprovat-els-beneficiaris-de-la-convocatoria-de-subvencions-del-transport-escolar\/","title":{"rendered":"S&#8217;han aprovat els beneficiaris de la convocat\u00f2ria de subvencions del transport escolar"},"content":{"rendered":"<p>La Junta de Govern local de l\u2019Ajuntament de la Bisbal del Pened\u00e8s ha aprovat els beneficiaris i no beneficiaris de la convocat\u00f2ria de subvencions del transport escolar 2017\/2018 de la Regidoria d\u2019Educaci\u00f3.<\/p>\n<p>Van sol\u00b7licitar la subvenci\u00f3 un total de 20 fam\u00edlies, de les quals 7 s\u2019han declarat no benefici\u00e0ries per ser deutores d\u2019Hisenda, la Seguretat Social o l\u2019Ajuntament. 13 fam\u00edlies s\u2019han declarat benefici\u00e0ries de la subvenci\u00f3 perqu\u00e8 complien tots els requisits. Ara, les fam\u00edlies seran informades de si poden acollir-se o no a la subvenci\u00f3 i, a mesura que els beneficiaris presentin a l\u2019Ajuntament els rebuts pagats al Consell Comarcal, s\u2019anir\u00e0 pagant la subvenci\u00f3.<\/p>\n<p>Aquests rebuts es paguen al Consell Comarcal del Baix Pened\u00e8s perqu\u00e8 \u00e9s qui realitza el transport escolar al municipi amb dues l\u00ednies de transport. El preu d\u2019aquest servei per als usuaris \u00e9s:<\/p>\n<p>1 alumne: 30 euros mensuals<\/p>\n<p>1 alumne + 1 germ\u00e0: 50 euros mensuals<\/p>\n<p>1 alumne + 2 germans: 60 euros mensuals<\/p>\n<p>Els imports de subvenci\u00f3 que l\u2019Ajuntament de la Bisbal del Pened\u00e8s abona als usuaris s\u00f3n:<\/p>\n<p>1 alumne: 9 euros mensuals<\/p>\n<p style=\"padding-left: 30px;\">1 alumne + 1 germ\u00e0: 15 euros mensuals<\/p>\n<p style=\"padding-left: 30px;\">1 alumne + 2 germans: 16 euros mensuals<\/p>\n<p>&nbsp;<\/p>\n","protected":false},"excerpt":{"rendered":"<p>La Junta de Govern local de l\u2019Ajuntament de la Bisbal del Pened\u00e8s ha aprovat els beneficiaris i no beneficiaris de la convocat\u00f2ria de subvencions del transport escolar 2017\/2018 de la &hellip; <a href=\"https:\/\/bisbalpenedes.com\/web\/2018\/02\/24\/shan-aprovat-els-beneficiaris-de-la-convocatoria-de-subvencions-del-transport-escolar\/\" class=\"more-link\">Read More<\/a><\/p>\n","protected":false},"author":4,"featured_media":1656,"comment_status":"closed","ping_status":"closed","sticky":false,"template":"","format":"standard","meta":[],"categories":[16],"tags":[788,1015,727,396,356],"_links":{"self":[{"href":"https:\/\/bisbalpenedes.com\/web\/wp-json\/wp\/v2\/posts\/4787"}],"collection":[{"href":"https:\/\/bisbalpenedes.com\/web\/wp-json\/wp\/v2\/posts"}],"about":[{"href":"https:\/\/bisbalpenedes.com\/web\/wp-json\/wp\/v2\/types\/post"}],"author":[{"embeddable":true,"href":"https:\/\/bisbalpenedes.com\/web\/wp-json\/wp\/v2\/users\/4"}],"replies":[{"embeddable":true,"href":"https:\/\/bisbalpenedes.com\/web\/wp-json\/wp\/v2\/comments?post=4787"}],"version-history":[{"count":1,"href":"https:\/\/bisbalpenedes.com\/web\/wp-json\/wp\/v2\/posts\/4787\/revisions"}],"predecessor-version":[{"id":4788,"href":"https:\/\/bisbalpenedes.com\/web\/wp-json\/wp\/v2\/posts\/4787\/revisions\/4788"}],"wp:featuredmedia":[{"embeddable":true,"href":"https:\/\/bisbalpenedes.com\/web\/wp-json\/wp\/v2\/media\/1656"}],"wp:attachment":[{"href":"https:\/\/bisbalpenedes.com\/web\/wp-json\/wp\/v2\/media?parent=4787"}],"wp:term":[{"taxonomy":"category","embeddable":true,"href":"https:\/\/bisbalpenedes.com\/web\/wp-json\/wp\/v2\/categories?post=4787"},{"taxonomy":"post_tag","embeddable":true,"href":"https:\/\/bisbalpenedes.com\/web\/wp-json\/wp\/v2\/tags?post=4787"}],"curies":[{"name":"wp","href":"https:\/\/api.w.org\/{rel}","templated":true}]}}