{"id":4782,"date":"2018-02-23T11:00:06","date_gmt":"2018-02-23T10:00:06","guid":{"rendered":"http:\/\/bisbalpenedes.com\/web\/?p=4782"},"modified":"2018-02-23T11:04:33","modified_gmt":"2018-02-23T10:04:33","slug":"la-regidoria-docupacio-participa-avui-divendres-en-una-taula-rodona-sobre-ocupacio-a-vilafranca-del-penedes","status":"publish","type":"post","link":"https:\/\/bisbalpenedes.com\/web\/2018\/02\/23\/la-regidoria-docupacio-participa-avui-divendres-en-una-taula-rodona-sobre-ocupacio-a-vilafranca-del-penedes\/","title":{"rendered":"La Regidoria d&#8217;Ocupaci\u00f3 participa avui divendres en una taula rodona sobre ocupaci\u00f3 a Vilafranca del Pened\u00e8s"},"content":{"rendered":"<p>L\u2019alcaldessa i regidora d\u2019Ocupaci\u00f3 de l\u2019Ajuntament de la Bisbal, Agn\u00e8s Ferr\u00e9, i la t\u00e8cnica d\u2019ocupaci\u00f3 del SOM Bisbal, Arantzatu Longares, participen avui divendres\u00a0en l&#8217;esmorzar col\u00b7loqui sobre ocupaci\u00f3 que es du a terme al Centre \u00c0gora de Vilafranca sota l\u2019organitzaci\u00f3 de la Federaci\u00f3\u00a0Empresarial del Gran Pened\u00e8s (FEGP). L\u2019acte compta amb la pres\u00e8ncia de representants de diversos municipis i entitats i, entre ells, la directora GENERAL del Servei d\u2019Ocupaci\u00f3 de Catalunya, Merc\u00e8 Garau.<\/p>\n<p>Ahir dijous 23 de febrer la Junta de Govern local va aprovar un conveni amb la FEGP amb la finalitat de desenvolupar programes d\u2019actuaci\u00f3 i suport en relaci\u00f3 amb l\u2019emprenedoria, la retenci\u00f3 i atracci\u00f3 de talent emprenedor i creatiu i la formaci\u00f3 de capital hum\u00e0. En definitiva, l\u2019objectiu \u00e9s potenciar les iniciatives empresarials i emprenedores de la vila i del seu entorn. Aquest conveni es signar\u00e0 properament amb la FEGP.<\/p>\n<p><a href=\"http:\/\/bisbalpenedes.com\/web\/wp-content\/uploads\/2018\/02\/acte-fegp-vilafranca.jpg\"><img loading=\"lazy\" class=\"aligncenter size-medium wp-image-4783\" src=\"http:\/\/bisbalpenedes.com\/web\/wp-content\/uploads\/2018\/02\/acte-fegp-vilafranca-300x225.jpg\" alt=\"acte fegp vilafranca\" width=\"300\" height=\"225\" srcset=\"https:\/\/bisbalpenedes.com\/web\/wp-content\/uploads\/2018\/02\/acte-fegp-vilafranca-300x225.jpg 300w, https:\/\/bisbalpenedes.com\/web\/wp-content\/uploads\/2018\/02\/acte-fegp-vilafranca-600x450.jpg 600w, https:\/\/bisbalpenedes.com\/web\/wp-content\/uploads\/2018\/02\/acte-fegp-vilafranca-768x576.jpg 768w, https:\/\/bisbalpenedes.com\/web\/wp-content\/uploads\/2018\/02\/acte-fegp-vilafranca-1024x768.jpg 1024w, https:\/\/bisbalpenedes.com\/web\/wp-content\/uploads\/2018\/02\/acte-fegp-vilafranca.jpg 1599w\" sizes=\"(max-width: 300px) 100vw, 300px\" \/><\/a><\/p>\n","protected":false},"excerpt":{"rendered":"<p>L\u2019alcaldessa i regidora d\u2019Ocupaci\u00f3 de l\u2019Ajuntament de la Bisbal, Agn\u00e8s Ferr\u00e9, i la t\u00e8cnica d\u2019ocupaci\u00f3 del SOM Bisbal, Arantzatu Longares, participen avui divendres\u00a0en l&#8217;esmorzar col\u00b7loqui sobre ocupaci\u00f3 que es du &hellip; <a href=\"https:\/\/bisbalpenedes.com\/web\/2018\/02\/23\/la-regidoria-docupacio-participa-avui-divendres-en-una-taula-rodona-sobre-ocupacio-a-vilafranca-del-penedes\/\" class=\"more-link\">Read More<\/a><\/p>\n","protected":false},"author":4,"featured_media":0,"comment_status":"closed","ping_status":"closed","sticky":false,"template":"","format":"standard","meta":[],"categories":[9],"tags":[1151,1332,1328,1322,1326,1324,1325,1330,1327,12,205,1331,10,263,271,1329,1323],"_links":{"self":[{"href":"https:\/\/bisbalpenedes.com\/web\/wp-json\/wp\/v2\/posts\/4782"}],"collection":[{"href":"https:\/\/bisbalpenedes.com\/web\/wp-json\/wp\/v2\/posts"}],"about":[{"href":"https:\/\/bisbalpenedes.com\/web\/wp-json\/wp\/v2\/types\/post"}],"author":[{"embeddable":true,"href":"https:\/\/bisbalpenedes.com\/web\/wp-json\/wp\/v2\/users\/4"}],"replies":[{"embeddable":true,"href":"https:\/\/bisbalpenedes.com\/web\/wp-json\/wp\/v2\/comments?post=4782"}],"version-history":[{"count":3,"href":"https:\/\/bisbalpenedes.com\/web\/wp-json\/wp\/v2\/posts\/4782\/revisions"}],"predecessor-version":[{"id":4786,"href":"https:\/\/bisbalpenedes.com\/web\/wp-json\/wp\/v2\/posts\/4782\/revisions\/4786"}],"wp:attachment":[{"href":"https:\/\/bisbalpenedes.com\/web\/wp-json\/wp\/v2\/media?parent=4782"}],"wp:term":[{"taxonomy":"category","embeddable":true,"href":"https:\/\/bisbalpenedes.com\/web\/wp-json\/wp\/v2\/categories?post=4782"},{"taxonomy":"post_tag","embeddable":true,"href":"https:\/\/bisbalpenedes.com\/web\/wp-json\/wp\/v2\/tags?post=4782"}],"curies":[{"name":"wp","href":"https:\/\/api.w.org\/{rel}","templated":true}]}}