{"id":478,"date":"2013-03-11T16:42:18","date_gmt":"2013-03-11T10:42:18","guid":{"rendered":"http:\/\/bisbalpenedes.com\/web\/?p=478"},"modified":"2013-03-11T16:43:19","modified_gmt":"2013-03-11T10:43:19","slug":"prou-el-teu-futur-es-el-nostre-sense-por","status":"publish","type":"post","link":"https:\/\/bisbalpenedes.com\/web\/2013\/03\/11\/prou-el-teu-futur-es-el-nostre-sense-por\/","title":{"rendered":"Prou. El teu futur \u00e9s el nostre. Sense por"},"content":{"rendered":"<p><strong>No m\u00e9s por, no m\u00e9s angoixes.<\/strong><br \/>\nMolts ciutadans, en temps d\u2019esplendor, entre els anys 2000 i  2008  indu\u00efts per la  mentida propagada per la banca i els governs del PP i PSOE, amb aquella farsa de \u201cque les vivendes cada dia valien m\u00e9s\u201d, ens van arrossegar i ens v\u00e0rem deixar seduir pel consumisme que ens proposava que compr\u00e8ssim una casa amb la ment de tenir-la en propietat.<br \/>\nAbrigallats per les mentides i el caciquisme dels banquers vam caure al parany d\u2019adquirir una vivenda amb una hipoteca a 30 o 40 anys, sense parar-nos a pensar que est\u00e0vem condicionant als nostres fills de per vida.<br \/>\nDespr\u00e9s, tot, absolutament tot, es va enfonsar, com mai recordem en la hist\u00f2ria recent!<\/p>\n<p>Al mes de febrer de 2009, neix la Plataforma d\u2019Afectats per les Hipoteques, una associaci\u00f3 sense \u00e0nim de lucre. Les persones que formen part de dita organitzaci\u00f3 tenen la finalitat de defensar a totes les persones afectades i enganyades pel sistema pol\u00edtic-financer d\u2019aquest \u201cmal anomenat\u201d pa\u00eds.<br \/>\nEls partits governants, PP i PSOE, sempre han defensat, mitjan\u00e7ant les seves lleis, els interessos de la gran banca, convertint-se aquests \u00faltims en amos i senyors del pa\u00eds, davant una casta pol\u00edtica parasit\u00e0ria que no fa res per canviar la situaci\u00f3 d\u2019espoli de les classes m\u00e9s desfavorides.<\/p>\n<p>El setembre de 2010, a la Bisbal del Pened\u00e8s, la PAH (Plataforma d\u2019Afectats per les Hipoteques), amb la solidaritat de l\u2019Equip de Govern, aconseguirem paralitzar per primera vegada un desnonament en aquest pa\u00eds, donant una lli\u00e7\u00f3 a aquells pol\u00edtics que tenen com a bandera la Constituci\u00f3 i s\u2019obliden que precisament la Constituci\u00f3 t\u00e9 recollit el dret a una vivenda digna per a totes les persones.<\/p>\n<p>Els desnonaments practicats pels bancs amb l\u2019ajuda del govern, porta a moltes fam\u00edlies a una situaci\u00f3 d\u2019extrema desintegraci\u00f3 social, arribant incl\u00fas a destruir la propia vida, mitjan\u00e7ant el su\u00efcidi, davant la gran impot\u00e8ncia de veure com aquests pol\u00edtics sense pudor ni vergonya decideixen salvar els bancs abans que els drets dels ciutadans.<\/p>\n<p>A aquest t\u00e0ndem, format per governs i bancs, els importa molt poc que les fam\u00edlies es trenquin i incl\u00fas que persones joves hagin de tornar a viure amb els seus pares o avis, producte d\u2019unes hipoteques salvatges. Aix\u00f2 crea un doble problema, ja que molts malviuen amb m\u00edseres pensions i carreguen amb els fills\/n\u00e9ts, cosa que suposa una despesa extra insuportable.<\/p>\n<p>L\u2019Ajuntament de la Bisbal del Pened\u00e8s, el seu Equip de Govern, ha incl\u00f2s aquest any una partida en el pressupost municipal per ajudar aquestes fam\u00edlies v\u00edctimes de la oligarquia pol\u00edtica\/financera.<\/p>\n<p>Entre les aportacions destaquen: la subvenci\u00f3 dels llibres escolars, compra de TOT el material escolar que els nens\/nenes necessiten a l\u2019escola per a les activitats.Tiquets de menjador subvencionats (ja que hem de garantir que els nens\/nenes tinguin com a m\u00ednim un menjar digne al dia), transport escolar subvencionat. <\/p>\n<p>Totes aquelles fam\u00edlies que no pugueu fer front a aquesta situaci\u00f3 tan dura que vivim, no dubteu a posar-vos en contacte amb l\u2019Equip de Govern, per obrir vies d\u2019ajudes.<\/p>\n<p>Pensem que la millor forma de guanyar aquesta \u201cbatalla\u201d \u00e9s lluitant cada un de nosaltres i no caure a l\u2019apatia i autocomplaen\u00e7a, ja que la casta pol\u00edtica, par\u00e0sita, junt amb els grans bancs juga amb aix\u00f2. S\u00f3n els nostres enemics i com a tals, tenim que revelar-nos contra qui ens est\u00e0 enfonsant en la mis\u00e8ria.<br \/>\nPROU JA! No podem seguir tolerant aquesta situaci\u00f3 d\u2019espoli, que la classe treballadora no ha creat.<br \/>\nA Espanya hi ha una mitjana de 520 desnonaments diaris, aix\u00f2 \u00e9s, sense cap dubte, a causa de l\u2019exist\u00e8ncia de governs sense car\u00e0cter ni \u00e8tica, que junt a una patronal de cacics, est\u00e0 sembrant el pa\u00eds de pobresa i mis\u00e8ria.<br \/>\nNo podem permetre que ens retallin els drets socials que tant els va costar d\u2019aconseguir a les nostres generacions passades (els nostres avis i pares)<\/p>\n<p>Companys ens toca lluitar, s\u2019ha de defensar els nostres drets com a treballadors. Sortiu i lluiteu!<\/p>\n<p><a href=\"http:\/\/bisbalpenedes.com\/web\/wp-content\/uploads\/2013\/03\/prou1cat.jpg\"><img loading=\"lazy\" src=\"http:\/\/bisbalpenedes.com\/web\/wp-content\/uploads\/2013\/03\/prou1cat.jpg\" alt=\"\" title=\"prou1cat\" width=\"1000\" height=\"1414\" class=\"aligncenter size-full wp-image-479\" srcset=\"https:\/\/bisbalpenedes.com\/web\/wp-content\/uploads\/2013\/03\/prou1cat.jpg 1000w, https:\/\/bisbalpenedes.com\/web\/wp-content\/uploads\/2013\/03\/prou1cat-600x848.jpg 600w, https:\/\/bisbalpenedes.com\/web\/wp-content\/uploads\/2013\/03\/prou1cat-212x300.jpg 212w, https:\/\/bisbalpenedes.com\/web\/wp-content\/uploads\/2013\/03\/prou1cat-724x1024.jpg 724w\" sizes=\"(max-width: 1000px) 100vw, 1000px\" \/><\/a><\/p>\n","protected":false},"excerpt":{"rendered":"<p>No m\u00e9s por, no m\u00e9s angoixes. Molts ciutadans, en temps d\u2019esplendor, entre els anys 2000 i 2008 indu\u00efts per la mentida propagada per la banca i els governs del PP &hellip; <a href=\"https:\/\/bisbalpenedes.com\/web\/2013\/03\/11\/prou-el-teu-futur-es-el-nostre-sense-por\/\" class=\"more-link\">Read More<\/a><\/p>\n","protected":false},"author":1,"featured_media":480,"comment_status":"closed","ping_status":"open","sticky":false,"template":"","format":"standard","meta":[],"categories":[9,5],"tags":[59,58],"_links":{"self":[{"href":"https:\/\/bisbalpenedes.com\/web\/wp-json\/wp\/v2\/posts\/478"}],"collection":[{"href":"https:\/\/bisbalpenedes.com\/web\/wp-json\/wp\/v2\/posts"}],"about":[{"href":"https:\/\/bisbalpenedes.com\/web\/wp-json\/wp\/v2\/types\/post"}],"author":[{"embeddable":true,"href":"https:\/\/bisbalpenedes.com\/web\/wp-json\/wp\/v2\/users\/1"}],"replies":[{"embeddable":true,"href":"https:\/\/bisbalpenedes.com\/web\/wp-json\/wp\/v2\/comments?post=478"}],"version-history":[{"count":2,"href":"https:\/\/bisbalpenedes.com\/web\/wp-json\/wp\/v2\/posts\/478\/revisions"}],"predecessor-version":[{"id":482,"href":"https:\/\/bisbalpenedes.com\/web\/wp-json\/wp\/v2\/posts\/478\/revisions\/482"}],"wp:featuredmedia":[{"embeddable":true,"href":"https:\/\/bisbalpenedes.com\/web\/wp-json\/wp\/v2\/media\/480"}],"wp:attachment":[{"href":"https:\/\/bisbalpenedes.com\/web\/wp-json\/wp\/v2\/media?parent=478"}],"wp:term":[{"taxonomy":"category","embeddable":true,"href":"https:\/\/bisbalpenedes.com\/web\/wp-json\/wp\/v2\/categories?post=478"},{"taxonomy":"post_tag","embeddable":true,"href":"https:\/\/bisbalpenedes.com\/web\/wp-json\/wp\/v2\/tags?post=478"}],"curies":[{"name":"wp","href":"https:\/\/api.w.org\/{rel}","templated":true}]}}