{"id":4777,"date":"2018-02-23T10:18:10","date_gmt":"2018-02-23T09:18:10","guid":{"rendered":"http:\/\/bisbalpenedes.com\/web\/?p=4777"},"modified":"2018-02-23T10:18:33","modified_gmt":"2018-02-23T09:18:33","slug":"lajuntament-de-la-bisbal-ha-aprovat-un-conveni-de-collaboracio-amb-la-coordinadora-felina-per-a-la-gestio-etica-de-colonies-de-gats","status":"publish","type":"post","link":"https:\/\/bisbalpenedes.com\/web\/2018\/02\/23\/lajuntament-de-la-bisbal-ha-aprovat-un-conveni-de-collaboracio-amb-la-coordinadora-felina-per-a-la-gestio-etica-de-colonies-de-gats\/","title":{"rendered":"L\u2019Ajuntament de la Bisbal ha aprovat un conveni per a la gesti\u00f3 \u00e8tica de col\u00f2nies de gats"},"content":{"rendered":"<p>&nbsp;<\/p>\n<p><a href=\"http:\/\/bisbalpenedes.com\/web\/wp-content\/uploads\/2018\/02\/GATS-DE-CARRER-1.jpg\"><img loading=\"lazy\" class=\"aligncenter size-medium wp-image-4779\" src=\"http:\/\/bisbalpenedes.com\/web\/wp-content\/uploads\/2018\/02\/GATS-DE-CARRER-1-300x200.jpg\" alt=\"GATS DE CARRER 1\" width=\"300\" height=\"200\" srcset=\"https:\/\/bisbalpenedes.com\/web\/wp-content\/uploads\/2018\/02\/GATS-DE-CARRER-1-300x200.jpg 300w, https:\/\/bisbalpenedes.com\/web\/wp-content\/uploads\/2018\/02\/GATS-DE-CARRER-1-600x400.jpg 600w, https:\/\/bisbalpenedes.com\/web\/wp-content\/uploads\/2018\/02\/GATS-DE-CARRER-1-768x512.jpg 768w, https:\/\/bisbalpenedes.com\/web\/wp-content\/uploads\/2018\/02\/GATS-DE-CARRER-1-1024x683.jpg 1024w\" sizes=\"(max-width: 300px) 100vw, 300px\" \/><\/a><\/p>\n<p>La Junta de Govern local de l\u2019Ajuntament de la Bisbal del Pened\u00e8s ha aprovat, aquest dijous 22 de febrer, un conveni de col\u00b7laboraci\u00f3 entre l\u2019Ajuntament i la Plataforma Coordinadora Felina de Tarragona. Es tracta d\u2019un acord per a la gesti\u00f3 \u00e8tica de col\u00f2nies de gats urbans dins del terme de la Bisbal del Pened\u00e8s que consistir\u00e0 en capturar, esterilitzar (i marcar una de les orelles dels gats esterilitzats), vacunar i desparasitar els gats, amb la finalitat de controlar la poblaci\u00f3 felina del municipi i vetllar per la seva salubritat, complint aix\u00ed amb el Decret legislatiu 2\/2008 pel qual s\u2019aprovava el Text Ref\u00f3s de la Llei de Protecci\u00f3 dels animals.<\/p>\n<p>Amb aquesta col\u00b7laboraci\u00f3 es mantindr\u00e0 i refor\u00e7ar\u00e0 la relaci\u00f3 entre la Regidoria de Medi Ambient i la Coordinadora Felina de Tarragona, un tracte que ja \u00a0ha donat diversos fruits, entre ells l\u2019acte p\u00fablic adre\u00e7at a persones volunt\u00e0ries que tinguin ganes de col\u00b7laborar en l\u2019alimentaci\u00f3 i cura de les col\u00f2nies, que va tenir lloc el passat dijous 15 de febrer.<\/p>\n<p>Fruit de la relaci\u00f3 de la Coordinadora Felina de Tarragona i la Regidoria de Medi Ambient s\u2019est\u00e0 afavorint la creaci\u00f3 d\u2019una associaci\u00f3 de persones que alimenten els gats de les col\u00f2nies de la Bisbal, amb la finalitat que les persones que en formin part disposin de formaci\u00f3 i eines per gestionar les col\u00f2nies felines i que, alhora, es puguin beneficiar de subvencions p\u00fabliques adre\u00e7ades a entitats. El conveni tamb\u00e9 preveu tirar endavant campanyes amb la finalitat de conscienciar la poblaci\u00f3 sobre la pres\u00e8ncia de gats al carrer i el control de les col\u00f2nies de gats ferals.<\/p>\n<p>L\u2019Ajuntament destinar\u00e0 enguany 10.000\u20ac per al projecte de gesti\u00f3 \u00e8tica de les col\u00f2nies de gats al municipi.<\/p>\n<p>&nbsp;<\/p>\n<p>&nbsp;<\/p>\n","protected":false},"excerpt":{"rendered":"<p>&nbsp; La Junta de Govern local de l\u2019Ajuntament de la Bisbal del Pened\u00e8s ha aprovat, aquest dijous 22 de febrer, un conveni de col\u00b7laboraci\u00f3 entre l\u2019Ajuntament i la Plataforma Coordinadora &hellip; <a href=\"https:\/\/bisbalpenedes.com\/web\/2018\/02\/23\/lajuntament-de-la-bisbal-ha-aprovat-un-conveni-de-collaboracio-amb-la-coordinadora-felina-per-a-la-gestio-etica-de-colonies-de-gats\/\" class=\"more-link\">Read More<\/a><\/p>\n","protected":false},"author":4,"featured_media":4778,"comment_status":"closed","ping_status":"closed","sticky":false,"template":"","format":"standard","meta":[],"categories":[32],"tags":[152,1267,1263,564,1283,1320,1265,1266,1319,1262,1321,296],"_links":{"self":[{"href":"https:\/\/bisbalpenedes.com\/web\/wp-json\/wp\/v2\/posts\/4777"}],"collection":[{"href":"https:\/\/bisbalpenedes.com\/web\/wp-json\/wp\/v2\/posts"}],"about":[{"href":"https:\/\/bisbalpenedes.com\/web\/wp-json\/wp\/v2\/types\/post"}],"author":[{"embeddable":true,"href":"https:\/\/bisbalpenedes.com\/web\/wp-json\/wp\/v2\/users\/4"}],"replies":[{"embeddable":true,"href":"https:\/\/bisbalpenedes.com\/web\/wp-json\/wp\/v2\/comments?post=4777"}],"version-history":[{"count":2,"href":"https:\/\/bisbalpenedes.com\/web\/wp-json\/wp\/v2\/posts\/4777\/revisions"}],"predecessor-version":[{"id":4781,"href":"https:\/\/bisbalpenedes.com\/web\/wp-json\/wp\/v2\/posts\/4777\/revisions\/4781"}],"wp:featuredmedia":[{"embeddable":true,"href":"https:\/\/bisbalpenedes.com\/web\/wp-json\/wp\/v2\/media\/4778"}],"wp:attachment":[{"href":"https:\/\/bisbalpenedes.com\/web\/wp-json\/wp\/v2\/media?parent=4777"}],"wp:term":[{"taxonomy":"category","embeddable":true,"href":"https:\/\/bisbalpenedes.com\/web\/wp-json\/wp\/v2\/categories?post=4777"},{"taxonomy":"post_tag","embeddable":true,"href":"https:\/\/bisbalpenedes.com\/web\/wp-json\/wp\/v2\/tags?post=4777"}],"curies":[{"name":"wp","href":"https:\/\/api.w.org\/{rel}","templated":true}]}}