{"id":4773,"date":"2018-02-23T09:23:40","date_gmt":"2018-02-23T08:23:40","guid":{"rendered":"http:\/\/bisbalpenedes.com\/web\/?p=4773"},"modified":"2018-02-23T09:23:40","modified_gmt":"2018-02-23T08:23:40","slug":"el-pilot-bisbalenc-oriol-rodriguez-participara-enguany-al-cev-en-la-categoria-de-moto-4-i-busca-collaboradors","status":"publish","type":"post","link":"https:\/\/bisbalpenedes.com\/web\/2018\/02\/23\/el-pilot-bisbalenc-oriol-rodriguez-participara-enguany-al-cev-en-la-categoria-de-moto-4-i-busca-collaboradors\/","title":{"rendered":"El pilot bisbalenc Oriol Rodr\u00edguez participar\u00e0 enguany al CEV en la categoria de Moto 4 i busca col\u00b7laboradors"},"content":{"rendered":"<p><a href=\"http:\/\/bisbalpenedes.com\/web\/wp-content\/uploads\/2018\/02\/oriol-rodriguez-moto.jpg\"><img loading=\"lazy\" class=\"size-medium wp-image-4774 aligncenter\" src=\"http:\/\/bisbalpenedes.com\/web\/wp-content\/uploads\/2018\/02\/oriol-rodriguez-moto-300x201.jpg\" alt=\"CMV - Circuito de Calafat 15\/10\/2017\" width=\"300\" height=\"201\" srcset=\"https:\/\/bisbalpenedes.com\/web\/wp-content\/uploads\/2018\/02\/oriol-rodriguez-moto-300x201.jpg 300w, https:\/\/bisbalpenedes.com\/web\/wp-content\/uploads\/2018\/02\/oriol-rodriguez-moto-600x401.jpg 600w, https:\/\/bisbalpenedes.com\/web\/wp-content\/uploads\/2018\/02\/oriol-rodriguez-moto-768x514.jpg 768w, https:\/\/bisbalpenedes.com\/web\/wp-content\/uploads\/2018\/02\/oriol-rodriguez-moto-1024x685.jpg 1024w\" sizes=\"(max-width: 300px) 100vw, 300px\" \/><\/a><\/p>\n<p style=\"text-align: justify;\">El pilot de moto bisbalenc Oriol Rodr\u00edguez correr\u00e0 aquest 2018 al CEV, Campeonato Espa\u00f1ol de Velocidad, en la categoria Moto 4. El bisbalenc, que tan sols t\u00e9 12 anys, formar\u00e0 part de l\u2019equip de Toni El\u00edas i correr\u00e0 per estar al podi en les seg\u00fcents dates i circuits:<\/p>\n<p style=\"padding-left: 60px; text-align: justify;\">7 i 8 d\u2019abril: circuit d\u2019Albacete<\/p>\n<p style=\"padding-left: 60px; text-align: justify;\">26 i 27 de\u00a0 maig: circuit de Catalunya<\/p>\n<p style=\"padding-left: 60px; text-align: justify;\">23 i 24 de juny: circuit de Navarra<\/p>\n<p style=\"padding-left: 60px; text-align: justify;\">14 i 15 de juliol: Motorland<\/p>\n<p style=\"padding-left: 60px; text-align: justify;\">8 i 9 de setembre: circuit Ricardo Tormo<\/p>\n<p style=\"padding-left: 60px; text-align: justify;\">27 i 28 d\u2019octubre: circuit de Jerez<\/p>\n<p style=\"text-align: justify;\">L\u2019any 2017 el pilot bisbalenc va quedar segon al campionat Supermotard 85cc i tercer al campionat Promovelocitat Racc 70cc.<\/p>\n<p style=\"text-align: justify;\"><a href=\"http:\/\/bisbalpenedes.com\/web\/wp-content\/uploads\/2018\/02\/oriol-rodriguez-podi.jpg\"><img loading=\"lazy\" class=\"aligncenter size-medium wp-image-4775\" src=\"http:\/\/bisbalpenedes.com\/web\/wp-content\/uploads\/2018\/02\/oriol-rodriguez-podi-300x200.jpg\" alt=\"oriol rodriguez podi\" width=\"300\" height=\"200\" srcset=\"https:\/\/bisbalpenedes.com\/web\/wp-content\/uploads\/2018\/02\/oriol-rodriguez-podi-300x200.jpg 300w, https:\/\/bisbalpenedes.com\/web\/wp-content\/uploads\/2018\/02\/oriol-rodriguez-podi-600x400.jpg 600w, https:\/\/bisbalpenedes.com\/web\/wp-content\/uploads\/2018\/02\/oriol-rodriguez-podi-768x513.jpg 768w, https:\/\/bisbalpenedes.com\/web\/wp-content\/uploads\/2018\/02\/oriol-rodriguez-podi-1024x683.jpg 1024w, https:\/\/bisbalpenedes.com\/web\/wp-content\/uploads\/2018\/02\/oriol-rodriguez-podi.jpg 1798w\" sizes=\"(max-width: 300px) 100vw, 300px\" \/><\/a><\/p>\n<p style=\"text-align: justify;\">Oriol Rodr\u00edguez, que en l\u2019actualitat compta amb el patrocini que l\u2019Ajuntament de la Bisbal del Pened\u00e8s ofereix als bisbalencs i les bisbalenques que realitzen activitats esportives o culturals en \u00e0mbits supramunicipals, nacionals i internacionals, <strong>est\u00e0 buscant col\u00b7laboradors<\/strong>. Per a m\u00e9s informaci\u00f3 podeu contactar amb ell i la seva fam\u00edlia a trav\u00e9s del seg\u00fcent perfil de Facebook: <a href=\"https:\/\/www.facebook.com\/oriol.rodriguezvives\">https:\/\/www.facebook.com\/oriol.rodriguezvives<\/a><\/p>\n","protected":false},"excerpt":{"rendered":"<p>El pilot de moto bisbalenc Oriol Rodr\u00edguez correr\u00e0 aquest 2018 al CEV, Campeonato Espa\u00f1ol de Velocidad, en la categoria Moto 4. El bisbalenc, que tan sols t\u00e9 12 anys, formar\u00e0 &hellip; <a href=\"https:\/\/bisbalpenedes.com\/web\/2018\/02\/23\/el-pilot-bisbalenc-oriol-rodriguez-participara-enguany-al-cev-en-la-categoria-de-moto-4-i-busca-collaboradors\/\" class=\"more-link\">Read More<\/a><\/p>\n","protected":false},"author":4,"featured_media":0,"comment_status":"closed","ping_status":"closed","sticky":false,"template":"","format":"standard","meta":[],"categories":[19],"tags":[1314,1313,1315,1312,740,1311,1316,1317,1318],"_links":{"self":[{"href":"https:\/\/bisbalpenedes.com\/web\/wp-json\/wp\/v2\/posts\/4773"}],"collection":[{"href":"https:\/\/bisbalpenedes.com\/web\/wp-json\/wp\/v2\/posts"}],"about":[{"href":"https:\/\/bisbalpenedes.com\/web\/wp-json\/wp\/v2\/types\/post"}],"author":[{"embeddable":true,"href":"https:\/\/bisbalpenedes.com\/web\/wp-json\/wp\/v2\/users\/4"}],"replies":[{"embeddable":true,"href":"https:\/\/bisbalpenedes.com\/web\/wp-json\/wp\/v2\/comments?post=4773"}],"version-history":[{"count":1,"href":"https:\/\/bisbalpenedes.com\/web\/wp-json\/wp\/v2\/posts\/4773\/revisions"}],"predecessor-version":[{"id":4776,"href":"https:\/\/bisbalpenedes.com\/web\/wp-json\/wp\/v2\/posts\/4773\/revisions\/4776"}],"wp:attachment":[{"href":"https:\/\/bisbalpenedes.com\/web\/wp-json\/wp\/v2\/media?parent=4773"}],"wp:term":[{"taxonomy":"category","embeddable":true,"href":"https:\/\/bisbalpenedes.com\/web\/wp-json\/wp\/v2\/categories?post=4773"},{"taxonomy":"post_tag","embeddable":true,"href":"https:\/\/bisbalpenedes.com\/web\/wp-json\/wp\/v2\/tags?post=4773"}],"curies":[{"name":"wp","href":"https:\/\/api.w.org\/{rel}","templated":true}]}}