{"id":4771,"date":"2018-02-23T08:47:16","date_gmt":"2018-02-23T07:47:16","guid":{"rendered":"http:\/\/bisbalpenedes.com\/web\/?p=4771"},"modified":"2018-02-23T08:47:16","modified_gmt":"2018-02-23T07:47:16","slug":"saprova-el-conveni-amb-la-cambra-de-comerc-per-oferir-cursos-per-a-aturats-a-la-bisbal","status":"publish","type":"post","link":"https:\/\/bisbalpenedes.com\/web\/2018\/02\/23\/saprova-el-conveni-amb-la-cambra-de-comerc-per-oferir-cursos-per-a-aturats-a-la-bisbal\/","title":{"rendered":"S&#8217;aprova el conveni amb la Cambra de Comer\u00e7 per oferir cursos per a aturats a la Bisbal"},"content":{"rendered":"<p>El passat dijous 22 de febrer la Junta de Govern de l\u2019Ajuntament de la Bisbal del Pened\u00e8s va aprovar un conveni amb la Cambra Oficial de Comer\u00e7, Ind\u00fastria, Serveis i Navegaci\u00f3 de Tarragona.<\/p>\n<p>Aquest conveni, que han signat la presidenta de la Cambra, Laura Roig\u00e9, i la Regidora d\u2019Ocupaci\u00f3 i alcaldessa de la Bisbal, Agn\u00e8s Ferr\u00e9, t\u00e9 com a objectiu el desenvolupament de programes d\u2019actuaci\u00f3 i formaci\u00f3 de joves i adults, una formaci\u00f3 que s\u2019haur\u00e0 adequat a les necessitats de les empreses del municipi perqu\u00e8 es pugui afavorir l\u2019acc\u00e9s al mercat de treball dels bisbalencs i les bisbalenques que es trobin en situaci\u00f3 d\u2019atur.<\/p>\n<p>Mitjan\u00e7ant el conveni s\u2019ha arribat a dos grans acords: d\u2019una banda, la Cambra de Comer\u00e7 posa a disposici\u00f3 de l\u2019Ajuntament de la Bisbal l\u2019oferta de cursos de formaci\u00f3 ocupacional dins del programa de Garantia Juvenil, o altres, segons les necessitats formatives del municipi. De l\u2019altra, l\u2019Ajuntament cedeix a la Cambra l\u2019\u00fas de determinades instal\u00b7lacions de titularitat municipal amb la finalitat de realitzar formaci\u00f3 ocupacional, actes adre\u00e7ats a les empreses o altres activitats.<\/p>\n<p>El passat dilluns va comen\u00e7ar el primer curs d\u2019Auxiliar de Magatzem adre\u00e7at a joves del programa de Garantia Juvenil i el servei d\u2019ocupaci\u00f3 SOM Bisbal ja est\u00e0 treballant amb la Cambra amb la finalitat d\u2019oferir altres cursos al municipi.<\/p>\n","protected":false},"excerpt":{"rendered":"<p>El passat dijous 22 de febrer la Junta de Govern de l\u2019Ajuntament de la Bisbal del Pened\u00e8s va aprovar un conveni amb la Cambra Oficial de Comer\u00e7, Ind\u00fastria, Serveis i &hellip; <a href=\"https:\/\/bisbalpenedes.com\/web\/2018\/02\/23\/saprova-el-conveni-amb-la-cambra-de-comerc-per-oferir-cursos-per-a-aturats-a-la-bisbal\/\" class=\"more-link\">Read More<\/a><\/p>\n","protected":false},"author":4,"featured_media":4638,"comment_status":"closed","ping_status":"closed","sticky":false,"template":"","format":"standard","meta":[],"categories":[9],"tags":[1151,262,1251,1309,41,12,1067,1310,10,271],"_links":{"self":[{"href":"https:\/\/bisbalpenedes.com\/web\/wp-json\/wp\/v2\/posts\/4771"}],"collection":[{"href":"https:\/\/bisbalpenedes.com\/web\/wp-json\/wp\/v2\/posts"}],"about":[{"href":"https:\/\/bisbalpenedes.com\/web\/wp-json\/wp\/v2\/types\/post"}],"author":[{"embeddable":true,"href":"https:\/\/bisbalpenedes.com\/web\/wp-json\/wp\/v2\/users\/4"}],"replies":[{"embeddable":true,"href":"https:\/\/bisbalpenedes.com\/web\/wp-json\/wp\/v2\/comments?post=4771"}],"version-history":[{"count":1,"href":"https:\/\/bisbalpenedes.com\/web\/wp-json\/wp\/v2\/posts\/4771\/revisions"}],"predecessor-version":[{"id":4772,"href":"https:\/\/bisbalpenedes.com\/web\/wp-json\/wp\/v2\/posts\/4771\/revisions\/4772"}],"wp:featuredmedia":[{"embeddable":true,"href":"https:\/\/bisbalpenedes.com\/web\/wp-json\/wp\/v2\/media\/4638"}],"wp:attachment":[{"href":"https:\/\/bisbalpenedes.com\/web\/wp-json\/wp\/v2\/media?parent=4771"}],"wp:term":[{"taxonomy":"category","embeddable":true,"href":"https:\/\/bisbalpenedes.com\/web\/wp-json\/wp\/v2\/categories?post=4771"},{"taxonomy":"post_tag","embeddable":true,"href":"https:\/\/bisbalpenedes.com\/web\/wp-json\/wp\/v2\/tags?post=4771"}],"curies":[{"name":"wp","href":"https:\/\/api.w.org\/{rel}","templated":true}]}}