{"id":4759,"date":"2018-02-22T12:46:27","date_gmt":"2018-02-22T11:46:27","guid":{"rendered":"http:\/\/bisbalpenedes.com\/web\/?p=4759"},"modified":"2018-02-22T12:46:27","modified_gmt":"2018-02-22T11:46:27","slug":"lajuntament-de-la-bisbal-tirara-endavant-un-projecte-pilot-de-mobilitat-en-funcio-de-la-demanda","status":"publish","type":"post","link":"https:\/\/bisbalpenedes.com\/web\/2018\/02\/22\/lajuntament-de-la-bisbal-tirara-endavant-un-projecte-pilot-de-mobilitat-en-funcio-de-la-demanda\/","title":{"rendered":"L\u2019Ajuntament de la Bisbal tirar\u00e0 endavant un projecte pilot de mobilitat en funci\u00f3 de la demanda"},"content":{"rendered":"<p>&nbsp;<\/p>\n<p><a href=\"http:\/\/bisbalpenedes.com\/web\/wp-content\/uploads\/2018\/02\/SIGNATURA-BUS.jpg\"><img loading=\"lazy\" class=\"aligncenter size-medium wp-image-4760\" src=\"http:\/\/bisbalpenedes.com\/web\/wp-content\/uploads\/2018\/02\/SIGNATURA-BUS-300x200.jpg\" alt=\"SIGNATURA BUS\" width=\"300\" height=\"200\" srcset=\"https:\/\/bisbalpenedes.com\/web\/wp-content\/uploads\/2018\/02\/SIGNATURA-BUS-300x200.jpg 300w, https:\/\/bisbalpenedes.com\/web\/wp-content\/uploads\/2018\/02\/SIGNATURA-BUS-600x400.jpg 600w, https:\/\/bisbalpenedes.com\/web\/wp-content\/uploads\/2018\/02\/SIGNATURA-BUS-768x512.jpg 768w, https:\/\/bisbalpenedes.com\/web\/wp-content\/uploads\/2018\/02\/SIGNATURA-BUS-1024x683.jpg 1024w\" sizes=\"(max-width: 300px) 100vw, 300px\" \/><\/a><\/p>\n<p>Els membres de l\u2019equip de govern de l\u2019Ajuntament de la Bisbal s\u2019han reunit aquest dijous amb Kirill Blazhko, CEO de l\u2019empresa Tunnll, i Montse Solsona, membre de l\u2019\u00c0rea de Recerca i Transfer\u00e8ncia del coneixement de la Universitat Polit\u00e8cnica de Catalunya-UPC, per assentar les bases del projecte pilot de mobilitat en funci\u00f3 de la demanda que s\u2019estrenar\u00e0 al mes de juliol a la Bisbal.<\/p>\n<p>L\u2019Ajuntament de la Bisbal del Pened\u00e8s vol evitar els transports innecessaris, millorar la mobilitat dels bisbalencs i les bisbalenques i vetllar pel medi ambient, estalviant emissions innecess\u00e0ries de CO\u00b2 i altres gasos. \u00c9s per aix\u00f2 que ha decidit apostar per aquest nou sistema de mobilitat en funci\u00f3 de la demanda, que permetr\u00e0 que nom\u00e9s es facin els trajectes que els usuaris hagin sol\u00b7licitat pr\u00e8viament.<\/p>\n<p>El servei, que arribar\u00e0 a tots els barris i urbanitzacions de la Bisbal, far\u00e0 possible que els usuaris puguin agafar l\u2019autob\u00fas des de qualsevol punt del municipi mitjan\u00e7ant un aplicatiu m\u00f2bil que els permetr\u00e0 sol\u00b7licitar el servei de transport a temps real. El sistema amb el qual funciona l\u2019app localitzar\u00e0 a la persona i li marcar\u00e0 el punt al qual s\u2019haur\u00e0 d\u2019adre\u00e7ar per agafar el bus i l\u2019hora aproximada de l\u2018arribada del vehicle. L\u2019app, que es podr\u00e0 descarregar de forma gratu\u00efta, ser\u00e0 for\u00e7a intu\u00eftiva i f\u00e0cil d\u2019usar i comptar\u00e0 amb un mapa real i actualitzat de la Bisbal que, mitjan\u00e7ant algoritmes matem\u00e0tics, permetr\u00e0 calcular la ruta m\u00e9s \u00f2ptima per recollir a cada usuari en un m\u00e0xim de 45 minuts. Aix\u00ed, durant les properes setmanes Tunnll confeccionar\u00e0 un mapa de la Bisbal en el qual s\u2019hi inclouran tots els carrers, passatges, places, establiments comercials i punts d\u2019inter\u00e8s del municipi.<\/p>\n<p>Quant als establiments comercials bisbalencs, aquests tamb\u00e9 podran beneficiar-se d\u2019aquesta novetat, ja que si ho desitgen, podran bonificar el tiquet de bus a aquells clients que hagin agafat el transport p\u00fablic per anar a comprar a la seva botiga, un sistema similar al que s\u2019empra en altres municipis quan bonifiquen els tiquets d\u2019aparcament.<\/p>\n<p>Durant la presentaci\u00f3 d\u2019aquest dijous, Montse Solsona, membre de l\u2019\u00c0rea de Recerca i Transfer\u00e8ncia del coneixement de la UPC, ha felicitat l\u2019equip de govern per tirar endavant aquesta iniciativa i per \u201cla valentia d\u2019usar tecnologia per ajudar als ciutadans\u201d. Solsona tamb\u00e9 ha explicat que a l\u2019Estat Espanyol la Bisbal ser\u00e0 el primer municipi a tirar endavant aquest sistema de mobilitat <em>inside<\/em> en funci\u00f3 de la demanda, ja que en un nucli urb\u00e0, nom\u00e9s s\u2019ha provat a Su\u00e8cia.<\/p>\n<p>Kirill Blazhko, CEO de l\u2019empresa Tunnll, ha explicat el funcionament de l\u2019app als usuaris i ha explicat que, per fer servir el servei d\u2019autob\u00fas, caldr\u00e0 disposar d\u2019un <em>smartphone<\/em> amb l\u2019app instal\u00b7lada per\u00f2 que, en cas que hi hagi persones del municipi que no estiguin avesades a les noves tecnologies i no tinguin la possibilitat d\u2019accedir al servei mitjan\u00e7ant un tel\u00e8fon de darrera generaci\u00f3, es podran fer excepcions perqu\u00e8 aquestes persones puguin contactar amb la centraleta per via telef\u00f2nica i sol\u00b7licitar el servei.<\/p>\n<p>L\u2019alcaldessa de la Bisbal, Agn\u00e8s Ferr\u00e9, pensa que aquest sistema permetr\u00e0 millorar la mobilitat dels bisbalencs i les bisbalenques i tamb\u00e9 beneficiar\u00e0 el comer\u00e7 local, ja que la gent podr\u00e0 triar qualsevol destinaci\u00f3 de la Bisbal amb un sol \u2018click\u2019, sense necessitat de dependre de terceres persones o horaris preestablerts. Tamb\u00e9 ha explicat que durant la prova pilot, que comen\u00e7ar\u00e0 al juliol, hi haur\u00e0 dos vehicles diferents oferint el servei de transport p\u00fablic i que, per tant, el servei s\u2019ampliar\u00e0 amb vehicle m\u00e9s, ja que fins ara nom\u00e9s n\u2019hi havia un. A m\u00e9s, fins ara el servei de bus no cobria Santa Cristina, el Papagai, l\u2019Ortig\u00f3s ni el pol\u00edgon industrial i, a partir d\u2019ara, aquestes zones seran cobertes. Una altra de les novetats \u00e9s que fins a la data el servei acabava a les 16h i, amb aquest nou servei, els usuaris podran agafar el bus fins a les 20h. L\u2019alcaldessa ha explicat que aquest nou sistema de mobilitat comen\u00e7ar\u00e0 a funcionar el dia 1 de juliol i es dur\u00e0 a terme una prova pilot fins al 31 d\u2019octubre.<\/p>\n<p>Tunnll \u00e9s una de les empreses que es troben a l\u2019edifici RDIT, del Parc Mediterrani de la Tecnologia del Parc UPC, en la incubadora de l\u2019ESABIC, on\u00a0 hi ha unes 40 <em>startups<\/em> que aprofiten les tecnologies punteres de l\u2019espai per aportar solucions a la vida quotidiana, en aquest cas per millorar la mobilitat dels bisbalencs i les bisbalenques.<\/p>\n<p><a href=\"http:\/\/bisbalpenedes.com\/web\/wp-content\/uploads\/2018\/02\/REUNIo-BUS.jpg\"><img loading=\"lazy\" class=\"aligncenter size-medium wp-image-4762\" src=\"http:\/\/bisbalpenedes.com\/web\/wp-content\/uploads\/2018\/02\/REUNIo-BUS-300x200.jpg\" alt=\"REUNIo BUS\" width=\"300\" height=\"200\" srcset=\"https:\/\/bisbalpenedes.com\/web\/wp-content\/uploads\/2018\/02\/REUNIo-BUS-300x200.jpg 300w, https:\/\/bisbalpenedes.com\/web\/wp-content\/uploads\/2018\/02\/REUNIo-BUS-600x400.jpg 600w, https:\/\/bisbalpenedes.com\/web\/wp-content\/uploads\/2018\/02\/REUNIo-BUS-768x512.jpg 768w, https:\/\/bisbalpenedes.com\/web\/wp-content\/uploads\/2018\/02\/REUNIo-BUS-1024x683.jpg 1024w\" sizes=\"(max-width: 300px) 100vw, 300px\" \/><\/a><\/p>\n<p>&nbsp;<\/p>\n","protected":false},"excerpt":{"rendered":"<p>&nbsp; Els membres de l\u2019equip de govern de l\u2019Ajuntament de la Bisbal s\u2019han reunit aquest dijous amb Kirill Blazhko, CEO de l\u2019empresa Tunnll, i Montse Solsona, membre de l\u2019\u00c0rea de &hellip; <a href=\"https:\/\/bisbalpenedes.com\/web\/2018\/02\/22\/lajuntament-de-la-bisbal-tirara-endavant-un-projecte-pilot-de-mobilitat-en-funcio-de-la-demanda\/\" class=\"more-link\">Read More<\/a><\/p>\n","protected":false},"author":4,"featured_media":4764,"comment_status":"closed","ping_status":"closed","sticky":false,"template":"","format":"standard","meta":[],"categories":[15],"tags":[1302,788,727,821,1300,137,24,623,1301,1303,1304,1305,452],"_links":{"self":[{"href":"https:\/\/bisbalpenedes.com\/web\/wp-json\/wp\/v2\/posts\/4759"}],"collection":[{"href":"https:\/\/bisbalpenedes.com\/web\/wp-json\/wp\/v2\/posts"}],"about":[{"href":"https:\/\/bisbalpenedes.com\/web\/wp-json\/wp\/v2\/types\/post"}],"author":[{"embeddable":true,"href":"https:\/\/bisbalpenedes.com\/web\/wp-json\/wp\/v2\/users\/4"}],"replies":[{"embeddable":true,"href":"https:\/\/bisbalpenedes.com\/web\/wp-json\/wp\/v2\/comments?post=4759"}],"version-history":[{"count":1,"href":"https:\/\/bisbalpenedes.com\/web\/wp-json\/wp\/v2\/posts\/4759\/revisions"}],"predecessor-version":[{"id":4765,"href":"https:\/\/bisbalpenedes.com\/web\/wp-json\/wp\/v2\/posts\/4759\/revisions\/4765"}],"wp:featuredmedia":[{"embeddable":true,"href":"https:\/\/bisbalpenedes.com\/web\/wp-json\/wp\/v2\/media\/4764"}],"wp:attachment":[{"href":"https:\/\/bisbalpenedes.com\/web\/wp-json\/wp\/v2\/media?parent=4759"}],"wp:term":[{"taxonomy":"category","embeddable":true,"href":"https:\/\/bisbalpenedes.com\/web\/wp-json\/wp\/v2\/categories?post=4759"},{"taxonomy":"post_tag","embeddable":true,"href":"https:\/\/bisbalpenedes.com\/web\/wp-json\/wp\/v2\/tags?post=4759"}],"curies":[{"name":"wp","href":"https:\/\/api.w.org\/{rel}","templated":true}]}}