{"id":4754,"date":"2018-02-21T21:03:34","date_gmt":"2018-02-21T20:03:34","guid":{"rendered":"http:\/\/bisbalpenedes.com\/web\/?p=4754"},"modified":"2018-02-21T21:03:34","modified_gmt":"2018-02-21T20:03:34","slug":"aquest-diumenge-a-les-11h-tindra-lloc-el-cros-comarcal-a-la-bisbal","status":"publish","type":"post","link":"https:\/\/bisbalpenedes.com\/web\/2018\/02\/21\/aquest-diumenge-a-les-11h-tindra-lloc-el-cros-comarcal-a-la-bisbal\/","title":{"rendered":"Aquest diumenge a les 11h tindr\u00e0 lloc el Cros Comarcal a la Bisbal"},"content":{"rendered":"<p><a href=\"http:\/\/bisbalpenedes.com\/web\/wp-content\/uploads\/2018\/02\/CROS-2018-CARTELL-A.jpg\"><img loading=\"lazy\" class=\"aligncenter size-medium wp-image-4655\" src=\"http:\/\/bisbalpenedes.com\/web\/wp-content\/uploads\/2018\/02\/CROS-2018-CARTELL-A-212x300.jpg\" alt=\"CROS-2018-CARTELL-A\" width=\"212\" height=\"300\" srcset=\"https:\/\/bisbalpenedes.com\/web\/wp-content\/uploads\/2018\/02\/CROS-2018-CARTELL-A-212x300.jpg 212w, https:\/\/bisbalpenedes.com\/web\/wp-content\/uploads\/2018\/02\/CROS-2018-CARTELL-A.jpg 595w\" sizes=\"(max-width: 212px) 100vw, 212px\" \/><\/a><\/p>\n<p>Aquest diumenge 25 de febrer a les 11h del mat\u00ed, des de l&#8217;avda. Baix Pened\u00e8s, tindr\u00e0 lloc el Cros de la Bisbal del Pened\u00e8s. La cursa comptar\u00e0 amb la participaci\u00f3 dels alumnes de l&#8217;Escola Ull de Vent i l&#8217;Institut Coster de la Torre. L&#8217;acte compta amb la col\u00b7laboraci\u00f3 del Consell Esportiu Baix Pened\u00e8s i l&#8217;Ajuntament de la Bisbal del Pened\u00e8s.<\/p>\n","protected":false},"excerpt":{"rendered":"<p>Aquest diumenge 25 de febrer a les 11h del mat\u00ed, des de l&#8217;avda. Baix Pened\u00e8s, tindr\u00e0 lloc el Cros de la Bisbal del Pened\u00e8s. La cursa comptar\u00e0 amb la participaci\u00f3 &hellip; <a href=\"https:\/\/bisbalpenedes.com\/web\/2018\/02\/21\/aquest-diumenge-a-les-11h-tindra-lloc-el-cros-comarcal-a-la-bisbal\/\" class=\"more-link\">Read More<\/a><\/p>\n","protected":false},"author":4,"featured_media":4655,"comment_status":"closed","ping_status":"closed","sticky":false,"template":"","format":"standard","meta":[],"categories":[19],"tags":[355,332,218,65,1299,566,318,222],"_links":{"self":[{"href":"https:\/\/bisbalpenedes.com\/web\/wp-json\/wp\/v2\/posts\/4754"}],"collection":[{"href":"https:\/\/bisbalpenedes.com\/web\/wp-json\/wp\/v2\/posts"}],"about":[{"href":"https:\/\/bisbalpenedes.com\/web\/wp-json\/wp\/v2\/types\/post"}],"author":[{"embeddable":true,"href":"https:\/\/bisbalpenedes.com\/web\/wp-json\/wp\/v2\/users\/4"}],"replies":[{"embeddable":true,"href":"https:\/\/bisbalpenedes.com\/web\/wp-json\/wp\/v2\/comments?post=4754"}],"version-history":[{"count":1,"href":"https:\/\/bisbalpenedes.com\/web\/wp-json\/wp\/v2\/posts\/4754\/revisions"}],"predecessor-version":[{"id":4755,"href":"https:\/\/bisbalpenedes.com\/web\/wp-json\/wp\/v2\/posts\/4754\/revisions\/4755"}],"wp:featuredmedia":[{"embeddable":true,"href":"https:\/\/bisbalpenedes.com\/web\/wp-json\/wp\/v2\/media\/4655"}],"wp:attachment":[{"href":"https:\/\/bisbalpenedes.com\/web\/wp-json\/wp\/v2\/media?parent=4754"}],"wp:term":[{"taxonomy":"category","embeddable":true,"href":"https:\/\/bisbalpenedes.com\/web\/wp-json\/wp\/v2\/categories?post=4754"},{"taxonomy":"post_tag","embeddable":true,"href":"https:\/\/bisbalpenedes.com\/web\/wp-json\/wp\/v2\/tags?post=4754"}],"curies":[{"name":"wp","href":"https:\/\/api.w.org\/{rel}","templated":true}]}}