{"id":4751,"date":"2018-02-21T11:20:25","date_gmt":"2018-02-21T10:20:25","guid":{"rendered":"http:\/\/bisbalpenedes.com\/web\/?p=4751"},"modified":"2018-02-21T11:47:51","modified_gmt":"2018-02-21T10:47:51","slug":"aquest-dissabte-es-presenta-el-llibre-la-cultura-al-penedes-passat-present-i-futur","status":"publish","type":"post","link":"https:\/\/bisbalpenedes.com\/web\/2018\/02\/21\/aquest-dissabte-es-presenta-el-llibre-la-cultura-al-penedes-passat-present-i-futur\/","title":{"rendered":"Aquest dissabte es presenta el llibre \u2018La cultura al Pened\u00e8s: passat, present i futur\u2019"},"content":{"rendered":"<h1><\/h1>\n<p><a href=\"http:\/\/bisbalpenedes.com\/web\/wp-content\/uploads\/2018\/02\/llibre-la-cultura-al-penedes.jpg\"><img loading=\"lazy\" class=\"aligncenter size-medium wp-image-4725\" src=\"http:\/\/bisbalpenedes.com\/web\/wp-content\/uploads\/2018\/02\/llibre-la-cultura-al-penedes-212x300.jpg\" alt=\"llibre-la-cultura-al-penedes\" width=\"212\" height=\"300\" srcset=\"https:\/\/bisbalpenedes.com\/web\/wp-content\/uploads\/2018\/02\/llibre-la-cultura-al-penedes-212x300.jpg 212w, https:\/\/bisbalpenedes.com\/web\/wp-content\/uploads\/2018\/02\/llibre-la-cultura-al-penedes-600x848.jpg 600w, https:\/\/bisbalpenedes.com\/web\/wp-content\/uploads\/2018\/02\/llibre-la-cultura-al-penedes-768x1085.jpg 768w, https:\/\/bisbalpenedes.com\/web\/wp-content\/uploads\/2018\/02\/llibre-la-cultura-al-penedes-725x1024.jpg 725w, https:\/\/bisbalpenedes.com\/web\/wp-content\/uploads\/2018\/02\/llibre-la-cultura-al-penedes.jpg 1200w\" sizes=\"(max-width: 212px) 100vw, 212px\" \/><\/a><\/p>\n<p>Dissabte 24 de febrer a les 19h tindr\u00e0 lloc la presentaci\u00f3 del llibre de l\u2019Institut d\u2019Estudis Penedesencs (IEP) \u2018La cultura al Pened\u00e8s: passat, present i futur\u2019. La presentaci\u00f3 anir\u00e0 a c\u00e0rrec de l\u2019historiador bellveienc Josep Sol\u00e9 Armajach, soci i membre de la junta de l\u2019IEP.<\/p>\n<p>Es tracta d\u2019una obra que recull les actes de les XXIII Jornades d\u2019Estudis Penedesencs sobre la cultura penedesenca. Aix\u00ed, s\u2019hi poden trobar recerques de diversos investigadors en \u00e0rees com ara les arts, la llengua i literatura, la hist\u00f2ria medieval i la moderna, la hist\u00f2ria contempor\u00e0nia o l\u2019etnologia, l\u2019antropologia i la m\u00fasica. El llibre es divideix en vint-i-dos textos que repassen la hist\u00f2ria de la cultura penedesenca en tots aquests \u00e0mbits i que permeten relacionar-la amb el desenvolupament econ\u00f2mic, pol\u00edtic i social del Pened\u00e8s.<\/p>\n<p>L\u2019acte de presentaci\u00f3 d\u2019aquest llibre, que ha estat cedit per l\u2019IEP a la Biblioteca P\u00fablica de la Bisbal, tindr\u00e0 lloc a la mateixa Biblioteca, ubicada al Centre Municipal de Cultura.<\/p>\n<p>&nbsp;<\/p>\n","protected":false},"excerpt":{"rendered":"<p>Dissabte 24 de febrer a les 19h tindr\u00e0 lloc la presentaci\u00f3 del llibre de l\u2019Institut d\u2019Estudis Penedesencs (IEP) \u2018La cultura al Pened\u00e8s: passat, present i futur\u2019. La presentaci\u00f3 anir\u00e0 a &hellip; <a href=\"https:\/\/bisbalpenedes.com\/web\/2018\/02\/21\/aquest-dissabte-es-presenta-el-llibre-la-cultura-al-penedes-passat-present-i-futur\/\" class=\"more-link\">Read More<\/a><\/p>\n","protected":false},"author":4,"featured_media":4725,"comment_status":"closed","ping_status":"closed","sticky":false,"template":"","format":"standard","meta":[],"categories":[13],"tags":[180,226,1298,1211,1296,1297,47],"_links":{"self":[{"href":"https:\/\/bisbalpenedes.com\/web\/wp-json\/wp\/v2\/posts\/4751"}],"collection":[{"href":"https:\/\/bisbalpenedes.com\/web\/wp-json\/wp\/v2\/posts"}],"about":[{"href":"https:\/\/bisbalpenedes.com\/web\/wp-json\/wp\/v2\/types\/post"}],"author":[{"embeddable":true,"href":"https:\/\/bisbalpenedes.com\/web\/wp-json\/wp\/v2\/users\/4"}],"replies":[{"embeddable":true,"href":"https:\/\/bisbalpenedes.com\/web\/wp-json\/wp\/v2\/comments?post=4751"}],"version-history":[{"count":2,"href":"https:\/\/bisbalpenedes.com\/web\/wp-json\/wp\/v2\/posts\/4751\/revisions"}],"predecessor-version":[{"id":4753,"href":"https:\/\/bisbalpenedes.com\/web\/wp-json\/wp\/v2\/posts\/4751\/revisions\/4753"}],"wp:featuredmedia":[{"embeddable":true,"href":"https:\/\/bisbalpenedes.com\/web\/wp-json\/wp\/v2\/media\/4725"}],"wp:attachment":[{"href":"https:\/\/bisbalpenedes.com\/web\/wp-json\/wp\/v2\/media?parent=4751"}],"wp:term":[{"taxonomy":"category","embeddable":true,"href":"https:\/\/bisbalpenedes.com\/web\/wp-json\/wp\/v2\/categories?post=4751"},{"taxonomy":"post_tag","embeddable":true,"href":"https:\/\/bisbalpenedes.com\/web\/wp-json\/wp\/v2\/tags?post=4751"}],"curies":[{"name":"wp","href":"https:\/\/api.w.org\/{rel}","templated":true}]}}