{"id":4643,"date":"2018-02-19T13:04:50","date_gmt":"2018-02-19T12:04:50","guid":{"rendered":"http:\/\/bisbalpenedes.com\/web\/?p=4643"},"modified":"2018-02-19T13:05:31","modified_gmt":"2018-02-19T12:05:31","slug":"el-dilluns-19-i-el-dimarts-20-de-febrer-es-netegen-els-diposits-daigua-de-santa-cristina","status":"publish","type":"post","link":"https:\/\/bisbalpenedes.com\/web\/2018\/02\/19\/el-dilluns-19-i-el-dimarts-20-de-febrer-es-netegen-els-diposits-daigua-de-santa-cristina\/","title":{"rendered":"El dilluns 19 i el dimarts 20 de febrer es netegen els dip\u00f2sits d\u2019aigua de Santa Cristina"},"content":{"rendered":"<p><a href=\"http:\/\/bisbalpenedes.com\/web\/wp-content\/uploads\/2018\/02\/02FB16BE-05B5-4C4D-9649-B23850172C4D.jpeg\"><img loading=\"lazy\" class=\"aligncenter size-medium wp-image-4644\" src=\"http:\/\/bisbalpenedes.com\/web\/wp-content\/uploads\/2018\/02\/02FB16BE-05B5-4C4D-9649-B23850172C4D-300x200.jpeg\" alt=\"02FB16BE-05B5-4C4D-9649-B23850172C4D\" width=\"300\" height=\"200\" srcset=\"https:\/\/bisbalpenedes.com\/web\/wp-content\/uploads\/2018\/02\/02FB16BE-05B5-4C4D-9649-B23850172C4D-300x200.jpeg 300w, https:\/\/bisbalpenedes.com\/web\/wp-content\/uploads\/2018\/02\/02FB16BE-05B5-4C4D-9649-B23850172C4D-600x400.jpeg 600w, https:\/\/bisbalpenedes.com\/web\/wp-content\/uploads\/2018\/02\/02FB16BE-05B5-4C4D-9649-B23850172C4D-768x512.jpeg 768w, https:\/\/bisbalpenedes.com\/web\/wp-content\/uploads\/2018\/02\/02FB16BE-05B5-4C4D-9649-B23850172C4D.jpeg 960w\" sizes=\"(max-width: 300px) 100vw, 300px\" \/><\/a><\/p>\n<p>AV\u00cdS|| Amb motiu dels treballs de neteja dels dip\u00f2sits, els ve\u00efns de la Pineda de Santa Cristina no disposaran d\u2019aigua durant la tarda\/nit d\u2019avui dilluns 19 de febrer i durant tot el dia aquest dimarts 20 de febrer. El servei es restablir\u00e0 amb normalitat el dimecres 21 de febrer.<\/p>\n<p>Aquesta informaci\u00f3 ha estat facilitada per l\u2019Ajuntament de Rodony\u00e0, que \u00e9s qui gestiona l\u2019aigua en aquest barri.<\/p>\n","protected":false},"excerpt":{"rendered":"<p>AV\u00cdS|| Amb motiu dels treballs de neteja dels dip\u00f2sits, els ve\u00efns de la Pineda de Santa Cristina no disposaran d\u2019aigua durant la tarda\/nit d\u2019avui dilluns 19 de febrer i durant &hellip; <a href=\"https:\/\/bisbalpenedes.com\/web\/2018\/02\/19\/el-dilluns-19-i-el-dimarts-20-de-febrer-es-netegen-els-diposits-daigua-de-santa-cristina\/\" class=\"more-link\">Read More<\/a><\/p>\n","protected":false},"author":4,"featured_media":4644,"comment_status":"closed","ping_status":"closed","sticky":false,"template":"","format":"standard","meta":[],"categories":[4],"tags":[161,254,361,275,1286,623],"_links":{"self":[{"href":"https:\/\/bisbalpenedes.com\/web\/wp-json\/wp\/v2\/posts\/4643"}],"collection":[{"href":"https:\/\/bisbalpenedes.com\/web\/wp-json\/wp\/v2\/posts"}],"about":[{"href":"https:\/\/bisbalpenedes.com\/web\/wp-json\/wp\/v2\/types\/post"}],"author":[{"embeddable":true,"href":"https:\/\/bisbalpenedes.com\/web\/wp-json\/wp\/v2\/users\/4"}],"replies":[{"embeddable":true,"href":"https:\/\/bisbalpenedes.com\/web\/wp-json\/wp\/v2\/comments?post=4643"}],"version-history":[{"count":2,"href":"https:\/\/bisbalpenedes.com\/web\/wp-json\/wp\/v2\/posts\/4643\/revisions"}],"predecessor-version":[{"id":4646,"href":"https:\/\/bisbalpenedes.com\/web\/wp-json\/wp\/v2\/posts\/4643\/revisions\/4646"}],"wp:featuredmedia":[{"embeddable":true,"href":"https:\/\/bisbalpenedes.com\/web\/wp-json\/wp\/v2\/media\/4644"}],"wp:attachment":[{"href":"https:\/\/bisbalpenedes.com\/web\/wp-json\/wp\/v2\/media?parent=4643"}],"wp:term":[{"taxonomy":"category","embeddable":true,"href":"https:\/\/bisbalpenedes.com\/web\/wp-json\/wp\/v2\/categories?post=4643"},{"taxonomy":"post_tag","embeddable":true,"href":"https:\/\/bisbalpenedes.com\/web\/wp-json\/wp\/v2\/tags?post=4643"}],"curies":[{"name":"wp","href":"https:\/\/api.w.org\/{rel}","templated":true}]}}