{"id":464,"date":"2013-03-06T17:17:45","date_gmt":"2013-03-06T11:17:45","guid":{"rendered":"http:\/\/bisbalpenedes.com\/web\/?p=464"},"modified":"2013-03-06T21:57:45","modified_gmt":"2013-03-06T15:57:45","slug":"jornada-tecnica-biomassa-agricola-de-vinya","status":"publish","type":"post","link":"https:\/\/bisbalpenedes.com\/web\/2013\/03\/06\/jornada-tecnica-biomassa-agricola-de-vinya\/","title":{"rendered":"Jornada t\u00e8cnica. Biomassa agr\u00edcola de vinya"},"content":{"rendered":"<p>El proper dijous 14 de mar\u00e7, al Centre Municipal de Cultura de la Bisbal del Pened\u00e8s, tindr\u00e0 lloc una jornada t\u00e8cnica, a partir de les 9 del mat\u00ed per a con\u00e8ixer iniciatives en desenvolupament que aprofiten la BIOMASSA dels nostres conreus, especialment de la vinya, per alimentar calderes, tant de petits particulars com de projectes a escala municipal, amb uns comptes de resultats econ\u00f2micament molt interessants.<\/p>\n<p>La jornada es gratu\u00efta, per\u00f2 cal inscriure&#8217;s pr\u00e8viament trucant al tel. 977250441 o a trav\u00e9s del correu electr\u00f2nica asesplugues@gencat.cat (Sra. \u00c0ngels Sesplugues) o a trav\u00e9s del Servei de Preinscripcions de Jornades de PATT del portal RuralCat. www.ruralcat.net\/preinscripcionspatt<\/p>\n<p>M\u00e9s informaci\u00f3 977688438<\/p>\n<p>&nbsp; <a href=\"http:\/\/bisbalpenedes.com\/web\/wp-content\/uploads\/2013\/03\/biomassa1.jpg\"><img loading=\"lazy\" src=\"http:\/\/bisbalpenedes.com\/web\/wp-content\/uploads\/2013\/03\/biomassa1-669x1024.jpg\" alt=\"\" title=\"biomassa\" width=\"630\" height=\"964\" class=\"aligncenter size-large wp-image-470\" srcset=\"https:\/\/bisbalpenedes.com\/web\/wp-content\/uploads\/2013\/03\/biomassa1-669x1024.jpg 669w, https:\/\/bisbalpenedes.com\/web\/wp-content\/uploads\/2013\/03\/biomassa1-600x918.jpg 600w, https:\/\/bisbalpenedes.com\/web\/wp-content\/uploads\/2013\/03\/biomassa1-196x300.jpg 196w, https:\/\/bisbalpenedes.com\/web\/wp-content\/uploads\/2013\/03\/biomassa1.jpg 800w\" sizes=\"(max-width: 630px) 100vw, 630px\" \/><\/a><\/p>\n","protected":false},"excerpt":{"rendered":"<p>El proper dijous 14 de mar\u00e7, al Centre Municipal de Cultura de la Bisbal del Pened\u00e8s, tindr\u00e0 lloc una jornada t\u00e8cnica, a partir de les 9 del mat\u00ed per a &hellip; <a href=\"https:\/\/bisbalpenedes.com\/web\/2013\/03\/06\/jornada-tecnica-biomassa-agricola-de-vinya\/\" class=\"more-link\">Read More<\/a><\/p>\n","protected":false},"author":1,"featured_media":466,"comment_status":"closed","ping_status":"open","sticky":false,"template":"","format":"standard","meta":[],"categories":[32,5],"tags":[56,57],"_links":{"self":[{"href":"https:\/\/bisbalpenedes.com\/web\/wp-json\/wp\/v2\/posts\/464"}],"collection":[{"href":"https:\/\/bisbalpenedes.com\/web\/wp-json\/wp\/v2\/posts"}],"about":[{"href":"https:\/\/bisbalpenedes.com\/web\/wp-json\/wp\/v2\/types\/post"}],"author":[{"embeddable":true,"href":"https:\/\/bisbalpenedes.com\/web\/wp-json\/wp\/v2\/users\/1"}],"replies":[{"embeddable":true,"href":"https:\/\/bisbalpenedes.com\/web\/wp-json\/wp\/v2\/comments?post=464"}],"version-history":[{"count":4,"href":"https:\/\/bisbalpenedes.com\/web\/wp-json\/wp\/v2\/posts\/464\/revisions"}],"predecessor-version":[{"id":469,"href":"https:\/\/bisbalpenedes.com\/web\/wp-json\/wp\/v2\/posts\/464\/revisions\/469"}],"wp:featuredmedia":[{"embeddable":true,"href":"https:\/\/bisbalpenedes.com\/web\/wp-json\/wp\/v2\/media\/466"}],"wp:attachment":[{"href":"https:\/\/bisbalpenedes.com\/web\/wp-json\/wp\/v2\/media?parent=464"}],"wp:term":[{"taxonomy":"category","embeddable":true,"href":"https:\/\/bisbalpenedes.com\/web\/wp-json\/wp\/v2\/categories?post=464"},{"taxonomy":"post_tag","embeddable":true,"href":"https:\/\/bisbalpenedes.com\/web\/wp-json\/wp\/v2\/tags?post=464"}],"curies":[{"name":"wp","href":"https:\/\/api.w.org\/{rel}","templated":true}]}}