{"id":4636,"date":"2018-02-19T11:42:15","date_gmt":"2018-02-19T10:42:15","guid":{"rendered":"http:\/\/bisbalpenedes.com\/web\/?p=4636"},"modified":"2018-02-19T11:48:00","modified_gmt":"2018-02-19T10:48:00","slug":"aquest-dilluns-ha-comencat-el-curs-dauxiliar-de-magatzem-per-a-joves","status":"publish","type":"post","link":"https:\/\/bisbalpenedes.com\/web\/2018\/02\/19\/aquest-dilluns-ha-comencat-el-curs-dauxiliar-de-magatzem-per-a-joves\/","title":{"rendered":"Aquest dilluns ha comen\u00e7at el curs d\u2019Auxiliar de magatzem per a joves"},"content":{"rendered":"<p><a href=\"http:\/\/bisbalpenedes.com\/web\/wp-content\/uploads\/2018\/02\/0835969C-3CA8-4C95-9C57-E2D79CB7738C.jpeg\"><img loading=\"lazy\" class=\"aligncenter size-medium wp-image-4638\" src=\"http:\/\/bisbalpenedes.com\/web\/wp-content\/uploads\/2018\/02\/0835969C-3CA8-4C95-9C57-E2D79CB7738C-300x200.jpeg\" alt=\"0835969C-3CA8-4C95-9C57-E2D79CB7738C\" width=\"300\" height=\"200\" srcset=\"https:\/\/bisbalpenedes.com\/web\/wp-content\/uploads\/2018\/02\/0835969C-3CA8-4C95-9C57-E2D79CB7738C-300x200.jpeg 300w, https:\/\/bisbalpenedes.com\/web\/wp-content\/uploads\/2018\/02\/0835969C-3CA8-4C95-9C57-E2D79CB7738C-600x400.jpeg 600w, https:\/\/bisbalpenedes.com\/web\/wp-content\/uploads\/2018\/02\/0835969C-3CA8-4C95-9C57-E2D79CB7738C-768x512.jpeg 768w, https:\/\/bisbalpenedes.com\/web\/wp-content\/uploads\/2018\/02\/0835969C-3CA8-4C95-9C57-E2D79CB7738C-1024x683.jpeg 1024w\" sizes=\"(max-width: 300px) 100vw, 300px\" \/><\/a><\/p>\n<p>Aquest dilluns 19 de febrer ha comen\u00e7at el curs d\u2019Auxiliar de magatzem que s\u2019ha organitzat des de la Regidoria d\u2019Ocupaci\u00f3 (i el SOM Bisbal) i la Cambra de Tarragona. S\u2019hi han inscrit un total de 20 joves d\u2019entre 18 i 29 anys que tamb\u00e9 estan apuntats al programa de Garantia Juvenil.<br \/>\nEs tracta d\u2019un curs de 165 hores amb 65h de formaci\u00f3 troncal d\u2019inform\u00e0tica i habilitats per a l\u2019ocupabilitat i 60 hores de formaci\u00f3 espec\u00edfica amb classes te\u00f2riques i pr\u00e0ctiques de radiofreq\u00fc\u00e8ncia, de carretoner frontal i retr\u00e0ctil (normativa UNE), transpalet el\u00e8ctric i formaci\u00f3 en organitzaci\u00f3 de magatzem.<br \/>\nL\u2019Ajuntament t\u00e9 intenci\u00f3 de fer m\u00e9s cursos en col\u00b7laboraci\u00f3 amb la Cambra de Tarragona.<\/p>\n<p><a href=\"http:\/\/bisbalpenedes.com\/web\/wp-content\/uploads\/2018\/02\/80D97FD7-BA12-45B7-B14D-B7AA4F276F05.jpeg\"><img loading=\"lazy\" class=\"aligncenter size-medium wp-image-4637\" src=\"http:\/\/bisbalpenedes.com\/web\/wp-content\/uploads\/2018\/02\/80D97FD7-BA12-45B7-B14D-B7AA4F276F05-300x200.jpeg\" alt=\"80D97FD7-BA12-45B7-B14D-B7AA4F276F05\" width=\"300\" height=\"200\" srcset=\"https:\/\/bisbalpenedes.com\/web\/wp-content\/uploads\/2018\/02\/80D97FD7-BA12-45B7-B14D-B7AA4F276F05-300x200.jpeg 300w, https:\/\/bisbalpenedes.com\/web\/wp-content\/uploads\/2018\/02\/80D97FD7-BA12-45B7-B14D-B7AA4F276F05-600x400.jpeg 600w, https:\/\/bisbalpenedes.com\/web\/wp-content\/uploads\/2018\/02\/80D97FD7-BA12-45B7-B14D-B7AA4F276F05-768x512.jpeg 768w, https:\/\/bisbalpenedes.com\/web\/wp-content\/uploads\/2018\/02\/80D97FD7-BA12-45B7-B14D-B7AA4F276F05-1024x683.jpeg 1024w\" sizes=\"(max-width: 300px) 100vw, 300px\" \/><\/a><\/p>\n","protected":false},"excerpt":{"rendered":"<p>Aquest dilluns 19 de febrer ha comen\u00e7at el curs d\u2019Auxiliar de magatzem que s\u2019ha organitzat des de la Regidoria d\u2019Ocupaci\u00f3 (i el SOM Bisbal) i la Cambra de Tarragona. S\u2019hi &hellip; <a href=\"https:\/\/bisbalpenedes.com\/web\/2018\/02\/19\/aquest-dilluns-ha-comencat-el-curs-dauxiliar-de-magatzem-per-a-joves\/\" class=\"more-link\">Read More<\/a><\/p>\n","protected":false},"author":4,"featured_media":4637,"comment_status":"closed","ping_status":"closed","sticky":false,"template":"","format":"standard","meta":[],"categories":[9],"tags":[1284,1250,1285,62,326,41,12,644,1249,271],"_links":{"self":[{"href":"https:\/\/bisbalpenedes.com\/web\/wp-json\/wp\/v2\/posts\/4636"}],"collection":[{"href":"https:\/\/bisbalpenedes.com\/web\/wp-json\/wp\/v2\/posts"}],"about":[{"href":"https:\/\/bisbalpenedes.com\/web\/wp-json\/wp\/v2\/types\/post"}],"author":[{"embeddable":true,"href":"https:\/\/bisbalpenedes.com\/web\/wp-json\/wp\/v2\/users\/4"}],"replies":[{"embeddable":true,"href":"https:\/\/bisbalpenedes.com\/web\/wp-json\/wp\/v2\/comments?post=4636"}],"version-history":[{"count":4,"href":"https:\/\/bisbalpenedes.com\/web\/wp-json\/wp\/v2\/posts\/4636\/revisions"}],"predecessor-version":[{"id":4642,"href":"https:\/\/bisbalpenedes.com\/web\/wp-json\/wp\/v2\/posts\/4636\/revisions\/4642"}],"wp:featuredmedia":[{"embeddable":true,"href":"https:\/\/bisbalpenedes.com\/web\/wp-json\/wp\/v2\/media\/4637"}],"wp:attachment":[{"href":"https:\/\/bisbalpenedes.com\/web\/wp-json\/wp\/v2\/media?parent=4636"}],"wp:term":[{"taxonomy":"category","embeddable":true,"href":"https:\/\/bisbalpenedes.com\/web\/wp-json\/wp\/v2\/categories?post=4636"},{"taxonomy":"post_tag","embeddable":true,"href":"https:\/\/bisbalpenedes.com\/web\/wp-json\/wp\/v2\/tags?post=4636"}],"curies":[{"name":"wp","href":"https:\/\/api.w.org\/{rel}","templated":true}]}}