{"id":4627,"date":"2018-02-16T15:46:06","date_gmt":"2018-02-16T14:46:06","guid":{"rendered":"http:\/\/bisbalpenedes.com\/web\/?p=4627"},"modified":"2018-02-16T15:50:43","modified_gmt":"2018-02-16T14:50:43","slug":"sinicia-el-proces-per-posar-en-marxa-el-projecte-pilot-de-control-poblacional-de-colonies-felines","status":"publish","type":"post","link":"https:\/\/bisbalpenedes.com\/web\/2018\/02\/16\/sinicia-el-proces-per-posar-en-marxa-el-projecte-pilot-de-control-poblacional-de-colonies-felines\/","title":{"rendered":"S&#8217;inicia el proc\u00e9s per posar en marxa el projecte pilot de control poblacional de col\u00f2nies felines"},"content":{"rendered":"<p><a href=\"http:\/\/bisbalpenedes.com\/web\/wp-content\/uploads\/2018\/02\/IMG_0916.jpg\"><img loading=\"lazy\" class=\"aligncenter size-medium wp-image-4628\" src=\"http:\/\/bisbalpenedes.com\/web\/wp-content\/uploads\/2018\/02\/IMG_0916-300x200.jpg\" alt=\"PROJECTE FELI CER\" width=\"300\" height=\"200\" srcset=\"https:\/\/bisbalpenedes.com\/web\/wp-content\/uploads\/2018\/02\/IMG_0916-300x200.jpg 300w, https:\/\/bisbalpenedes.com\/web\/wp-content\/uploads\/2018\/02\/IMG_0916-600x400.jpg 600w, https:\/\/bisbalpenedes.com\/web\/wp-content\/uploads\/2018\/02\/IMG_0916-768x512.jpg 768w, https:\/\/bisbalpenedes.com\/web\/wp-content\/uploads\/2018\/02\/IMG_0916-1024x683.jpg 1024w\" sizes=\"(max-width: 300px) 100vw, 300px\" \/><\/a><\/p>\n<p><span style=\"color: #000000;\">Aquest dijous 15 de febrer ha tingut lloc una xerrada informativa sobre el projecte pilot de control poblacional de col\u00f2nies felines que es vol tirar endavant des de la Regidoria de Medi Ambient de l\u2019Ajuntament de la Bisbal. A la xerrada, que ha comptat amb la participaci\u00f3 de quinze persones, s\u2019ha explicat en qu\u00e8 consisteix el model mixt de gesti\u00f3 \u00e8tica de col\u00f2nies, que aplica el m\u00e8tode CER de captura, esterilitzaci\u00f3 i retorn dels gats a les col\u00f2nies, d\u2019una banda, i l\u2019alimentaci\u00f3 i la cura dels gats, per l\u2019altra.<\/span><\/p>\n<p><span style=\"color: #000000;\">Van prendre part de l\u2019acte un total de quinze persones que, en l\u2019actualitat, alimenten gats de diverses col\u00f2nies. Els participants van explicar les seves experi\u00e8ncies personals i fan rebre formaci\u00f3 per part de la Coordinadora Felina de Tarragona sobre quines s\u00f3n les bones pr\u00e0ctiques de gesti\u00f3 de col\u00f2nies felines, basades en les normes de conviv\u00e8ncia, la higiene i l\u2019alimentaci\u00f3. Alhora, els assistents van omplir un formulari amb la finalitat de comptar amb m\u00e9s informaci\u00f3 sobre les col\u00f2nies que hi ha al municipi i identificar les persones que se n\u2019ocupen actualment. \u00a0Quant a les persones que alimenten les col\u00f2nies en l\u2019actualitat, la Coordinadora Felina de Tarragona va explicar que pot ser molt \u00fatil la creaci\u00f3 d\u2019una associaci\u00f3 de protecci\u00f3 animal amb la finalitat de comptar amb m\u00e9s protecci\u00f3 legal i poder-se beneficiar de possibles subvencions.<\/span><\/p>\n<p><span style=\"color: #000000;\">El model que es vol tirar endavant a la Bisbal consisteix en capturar els gats, sotmetre\u2019ls a una revisi\u00f3 veterin\u00e0ria b\u00e0sica, vacunar-los, esterilitzar-los i desparasitar-los. Tamb\u00e9 se\u2019ls realitzar\u00e0 una marca en forma de V a l\u2019orella amb la finalitat d\u2019identificar els animals que ja han estat tractats. L\u2019esterilitzaci\u00f3 dels gats millora la conviv\u00e8ncia eliminant les mol\u00e8sties produ\u00efdes per les col\u00f2nies (orins de marcatge, baralles, miols en per\u00edodes de zel, etc\u00e8tera) i redueix els riscos sanitaris, tant per als animals com per als ve\u00efns, alhora que evita una sobrepoblaci\u00f3 i millora la qualitat de vida dels animals i de la ciutadania que hi conviu.<\/span><\/p>\n<p><span style=\"color: #000000;\">Un dels objectius del programa pilot consisteix a poder disposar d\u2019un mapa que permeti tenir localitzades les col\u00f2nies aix\u00ed com les persones que, de forma habitual, s\u2019encarreguen d\u2019alimentar-les i tenir-ne cura. D\u2019altra banda tamb\u00e9 es vol aconseguir que els ve\u00efns del municipi s\u2019animin a col\u00b7laborar en el projecte per millorar la conviv\u00e8ncia i el control de les col\u00f2nies de la Bisbal.<\/span><\/p>\n<p><span style=\"color: #000000;\">Despr\u00e9s d\u2019aquesta sessi\u00f3 informativa el seg\u00fcent pas \u00e9s confeccionar un mapa de col\u00f2nies de la localitat i decidir quines s\u00f3n les que es triaran per a dur a terme el projecte pilot del CER. \u00c9s per aix\u00f2 que es demana que els alimentadors registrin les col\u00f2nies que alimenten omplint un formulari (per col\u00f2nia) de forma presencial, a l\u2019Ajuntament, o a trav\u00e9s del seg\u00fcent enlla\u00e7: <a style=\"color: #000000;\" href=\"https:\/\/goo.gl\/BM1gnC\">https:\/\/goo.gl\/BM1gnC<\/a>. Un cop hagin registrat la col\u00f2nia, signaran un document que els acredita per a dur a terme la gesti\u00f3 de la col\u00f2nia i rebran el carnet de gestor de col\u00f2nia per part de l\u2019Ajuntament.<\/span><\/p>\n<p><span style=\"color: #000000;\">La Regidora de Medi Ambient, Leo Uceda, s\u2019ha mostrat molt satisfeta de la participaci\u00f3 en aquesta xerrada i ha explicat que \u201ccal posar en valor la figura dels voluntaris que, de forma altruista, tenen cura d\u2019aquests animals\u201d. Alhora, creu que \u201cencara cal fer molta feina per conscienciar la poblaci\u00f3 sobre la tinen\u00e7a responsable d\u2019animals i el respecte vers les col\u00f2nies\u201d. De moment creu que \u201cdespr\u00e9s de veure el munt de gent que s\u2019ha implicat en aquesta xerrada, crec que podrem fer molt bona feina per tenir cura i mantenir un control de les col\u00f2nies felines bisbalenques\u201d.<\/span><\/p>\n<p><span style=\"color: #000000;\"><strong>CAMPANYA DE TINEN\u00c7A RESPONSABLE D\u2019ANIMALS<\/strong><\/span><\/p>\n<p><span style=\"color: #000000;\">L\u2019exist\u00e8ncia de gats i gossos a la via p\u00fablica \u00e9s causada per ciutadans que incompleixen les seves obligacions legals. Per aquest motiu l\u2019ajuntament realitzar\u00e0 una campanya de tinen\u00e7a responsable consistent en informar els ciutadans de les seves responsabilitats en relaci\u00f3 amb els animals de companyia. Aquesta campanya integra una col\u00b7laboraci\u00f3 amb la cl\u00ednica veterin\u00e0ria Wuapu\u2019s del Vendrell per realitzar esterilitzacions i identificacions de gats i gossos a preu redu\u00eft des del 15 de febrer fins al 15 d\u2019abril de 2018.<\/span><\/p>\n<p>&nbsp;<\/p>\n","protected":false},"excerpt":{"rendered":"<p>Aquest dijous 15 de febrer ha tingut lloc una xerrada informativa sobre el projecte pilot de control poblacional de col\u00f2nies felines que es vol tirar endavant des de la Regidoria &hellip; <a href=\"https:\/\/bisbalpenedes.com\/web\/2018\/02\/16\/sinicia-el-proces-per-posar-en-marxa-el-projecte-pilot-de-control-poblacional-de-colonies-felines\/\" class=\"more-link\">Read More<\/a><\/p>\n","protected":false},"author":4,"featured_media":4628,"comment_status":"closed","ping_status":"closed","sticky":false,"template":"","format":"standard","meta":[],"categories":[32],"tags":[152,1267,438,564,1264,1283,1265,1280,1279,1262,1281,1282],"_links":{"self":[{"href":"https:\/\/bisbalpenedes.com\/web\/wp-json\/wp\/v2\/posts\/4627"}],"collection":[{"href":"https:\/\/bisbalpenedes.com\/web\/wp-json\/wp\/v2\/posts"}],"about":[{"href":"https:\/\/bisbalpenedes.com\/web\/wp-json\/wp\/v2\/types\/post"}],"author":[{"embeddable":true,"href":"https:\/\/bisbalpenedes.com\/web\/wp-json\/wp\/v2\/users\/4"}],"replies":[{"embeddable":true,"href":"https:\/\/bisbalpenedes.com\/web\/wp-json\/wp\/v2\/comments?post=4627"}],"version-history":[{"count":2,"href":"https:\/\/bisbalpenedes.com\/web\/wp-json\/wp\/v2\/posts\/4627\/revisions"}],"predecessor-version":[{"id":4630,"href":"https:\/\/bisbalpenedes.com\/web\/wp-json\/wp\/v2\/posts\/4627\/revisions\/4630"}],"wp:featuredmedia":[{"embeddable":true,"href":"https:\/\/bisbalpenedes.com\/web\/wp-json\/wp\/v2\/media\/4628"}],"wp:attachment":[{"href":"https:\/\/bisbalpenedes.com\/web\/wp-json\/wp\/v2\/media?parent=4627"}],"wp:term":[{"taxonomy":"category","embeddable":true,"href":"https:\/\/bisbalpenedes.com\/web\/wp-json\/wp\/v2\/categories?post=4627"},{"taxonomy":"post_tag","embeddable":true,"href":"https:\/\/bisbalpenedes.com\/web\/wp-json\/wp\/v2\/tags?post=4627"}],"curies":[{"name":"wp","href":"https:\/\/api.w.org\/{rel}","templated":true}]}}