{"id":4621,"date":"2018-02-14T21:38:47","date_gmt":"2018-02-14T20:38:47","guid":{"rendered":"http:\/\/bisbalpenedes.com\/web\/?p=4621"},"modified":"2018-02-14T21:43:41","modified_gmt":"2018-02-14T20:43:41","slug":"els-bous-de-la-bisbal-comencen-els-assajos-de-la-canalla-aquest-divendres-16-de-febrer-a-les-19h","status":"publish","type":"post","link":"https:\/\/bisbalpenedes.com\/web\/2018\/02\/14\/els-bous-de-la-bisbal-comencen-els-assajos-de-la-canalla-aquest-divendres-16-de-febrer-a-les-19h\/","title":{"rendered":"Els Bous de la Bisbal comencen els assajos de la canalla aquest divendres 16 de febrer a les 19h"},"content":{"rendered":"<p><a href=\"http:\/\/bisbalpenedes.com\/web\/wp-content\/uploads\/2018\/02\/bous-portada-facebook.jpg\"><img loading=\"lazy\" class=\"aligncenter size-medium wp-image-4622\" src=\"http:\/\/bisbalpenedes.com\/web\/wp-content\/uploads\/2018\/02\/bous-portada-facebook-300x225.jpg\" alt=\"bous portada facebook\" width=\"300\" height=\"225\" srcset=\"https:\/\/bisbalpenedes.com\/web\/wp-content\/uploads\/2018\/02\/bous-portada-facebook-300x225.jpg 300w, https:\/\/bisbalpenedes.com\/web\/wp-content\/uploads\/2018\/02\/bous-portada-facebook-600x449.jpg 600w, https:\/\/bisbalpenedes.com\/web\/wp-content\/uploads\/2018\/02\/bous-portada-facebook-768x575.jpg 768w, https:\/\/bisbalpenedes.com\/web\/wp-content\/uploads\/2018\/02\/bous-portada-facebook.jpg 960w\" sizes=\"(max-width: 300px) 100vw, 300px\" \/><\/a><\/p>\n<p style=\"text-align: center;\"><span style=\"color: #000000;\"><strong>Enguany l\u2019equip de canalla ha preparat novetats per \u2018motivar i cohesionar\u2019 el grup<\/strong><\/span><\/p>\n<p style=\"text-align: justify;\"><span style=\"color: #000000;\">Els Bous, la colla castellera de la Bisbal del Pened\u00e8s, comencen els assajos de la canalla aquest divendres 16 de febrer, a les 7 de la tarda, al gimn\u00e0s de l\u2019Escola Ull de Vent. El passat 2 de febrer van celebrar una reuni\u00f3 informativa, adre\u00e7ada a les fam\u00edlies dels menuts, amb la finalitat d\u2019explicar-los les novetats que la colla castellera ha incorporat aquesta temporada. En aquesta trobada es va explicar que l\u2019objectiu que vol assolir la colla \u00e9s fer un equip de canalla que \u201cvagi m\u00e9s enll\u00e0 dels assajos i les diades\u201d, amb la finalitat que els infants estiguin motivats i que el grup tingui m\u00e9s cohesi\u00f3. Entre les noves activitats que es duran a terme s\u2019hi troben les sortides l\u00fadiques amb la finalitat de premiar l\u2019esfor\u00e7 de la canalla, les din\u00e0miques de joc que es faran en els assajos o els dibuixos i les redaccions que faran els infants despr\u00e9s de les diades i que es recolliran en un dossier en finalitzar la temporada.<\/span><\/p>\n<p style=\"text-align: justify;\"><span style=\"color: #000000;\">La cap de canalla, Carla Estela, ha explicat que s\u2019establiran objectius individuals perqu\u00e8 els nens i les nenes sempre \u201ctinguin ganes d\u2019anar als assajos, se sentin valorats i s\u2019ho passin b\u00e9\u201d. Aquests objectius se situen sota quatre grans pilars: l\u2019autonomia personal, la participaci\u00f3, l\u2019actitud i els objectius t\u00e8cnics. De fet, amb la finalitat de complir els objectius, motivar i cohesionar la secci\u00f3 dels m\u00e9s petits, dins del mateix grup de canalla es faran subgrups que permetran que tots els nens i les nenes puguin participar i fer activitats de forma simult\u00e0nia.<\/span><\/p>\n<p style=\"text-align: justify;\"><span style=\"color: #000000;\">Durant l\u2019assaig general tamb\u00e9 s\u2019introduiran canvis. Aquests se centren en l\u2019atenci\u00f3 de la canalla, tant la que puja als castells durant els assajos com la que no. Aix\u00ed, durant els assajos generals es faran activitats amb la mirada posada en les properes sortides dels Bous, que permetran con\u00e8ixer les colles amb les quals coincidiran a les diades castelleres, els pobles que visitaran o la hist\u00f2ria del fet casteller.<\/span><\/p>\n<p style=\"text-align: justify;\"><span style=\"color: #000000;\">Val a dir que en aquest nou projecte dels Bous tamb\u00e9 jugaran un paper important els joves. Segons ha explicat la cap de canalla, aquells que es prestin a ajudar als assajos de canalla i a les sortides tamb\u00e9 podran gaudir d\u2019una sortida l\u00fadica anual.<\/span><\/p>\n<p style=\"text-align: justify;\"><span style=\"color: #000000;\">La reuni\u00f3 informativa del 2 de febrer tamb\u00e9 va servir per presentar el nou equip de canalla, ja que el passat 15 de gener va tenir lloc l\u2019Assemblea Ordin\u00e0ria de la colla. En aquesta assemblea es va escollir l\u2019equip t\u00e8cnic per a les properes dues temporades, encap\u00e7alat per Sergi Corominas com a cap de colla dels Bous i amb un equip format per deu persones.<\/span><\/p>\n<p style=\"text-align: justify;\"><span style=\"color: #000000;\">Com a novetat, el projecte dels Bous de la Bisbal \u00a0tamb\u00e9 ha incorporat l\u2019\u00c0rea Social, formada per sis persones, amb la finalitat de promoure m\u00e9s activitats dins de la colla i millorar la seva comunicaci\u00f3 interna i externa. Els mateixos Bous expliquen al seu perfil de Facebook que inicien aquest projecte \u201camb moltes ganes i moltes activitats que anirem presentant al llarg de la temporada\u201d.<\/span><\/p>\n<p><span style=\"color: #000000;\">L\u2019equip t\u00e8cnic actual de la colla \u00e9s el seg\u00fcent:<\/span><\/p>\n<p><span style=\"color: #000000;\"><strong><u>Equip t\u00e8cnic:<\/u><\/strong><\/span><\/p>\n<p style=\"padding-left: 30px;\"><span style=\"color: #000000;\"><strong>Cap de Colla:<\/strong> Sergi Coromines (\u201cCuru\u201d)<\/span><\/p>\n<p style=\"padding-left: 30px;\"><span style=\"color: #000000;\"><strong>Sots cap de Colla:<\/strong> David Guilera<\/span><\/p>\n<p style=\"padding-left: 30px;\"><span style=\"color: #000000;\"><strong>Cap de nucli:<\/strong> Sergi Sevil<\/span><\/p>\n<p style=\"padding-left: 30px;\"><span style=\"color: #000000;\"><strong>Cap de pinya:<\/strong> Marc Marc\u00e8<\/span><\/p>\n<p style=\"padding-left: 30px;\"><span style=\"color: #000000;\"><strong>Segon cap de pinya:<\/strong> Sergi \u201csoci\u201d B\u00e0guena<\/span><\/p>\n<p style=\"padding-left: 30px;\"><span style=\"color: #000000;\"><strong>Cap de tronc:<\/strong> Aleix Garcia<\/span><\/p>\n<p><span style=\"color: #000000;\"><strong><u>Equip de canalla:<\/u><\/strong><\/span><\/p>\n<p style=\"padding-left: 30px;\"><span style=\"color: #000000;\"><strong>Caps de canalla:<\/strong> Carla Estela, S\u00edlvia Meri i Eva Ingl\u00e8s<\/span><\/p>\n<p style=\"padding-left: 30px;\"><span style=\"color: #000000;\"><strong>Ajudants:<\/strong> Nat\u00e0lia \u201cTali\u201d Vidal i Aleix Garcia<\/span><\/p>\n<p><span style=\"color: #000000;\"><strong><u>\u00c0rea Social:<\/u><\/strong><\/span><\/p>\n<p style=\"padding-left: 30px;\"><span style=\"color: #000000;\"><strong>Coordinadora de l\u2019\u00e0rea social:<\/strong> Jordina Mir\u00f3<\/span><\/p>\n<p style=\"padding-left: 30px;\"><span style=\"color: #000000;\"><strong>Ajudants de coordinaci\u00f3:<\/strong> Nat\u00e0lia Vidal, Montse Vilanova, Cristina L\u00f3pez, Laura Pons i Montse Rodr\u00edguez<\/span><\/p>\n<p><span style=\"color: #000000;\">La Junta administrativa dels Bous es mant\u00e9 com fins ara, ja que aquesta es renova cada 4 anys. Podeu trobar m\u00e9s informaci\u00f3 sobre els bous entrant a la p\u00e0gina <a style=\"color: #000000;\" href=\"https:\/\/bousbisbal.wordpress.com\">https:\/\/bousbisbal.wordpress.com<\/a><\/span><\/p>\n<p style=\"text-align: center;\"><iframe loading=\"lazy\" src=\"https:\/\/www.youtube.com\/embed\/73NnZM8dO8I\" width=\"560\" height=\"315\" frameborder=\"0\" allowfullscreen=\"allowfullscreen\"><\/iframe><\/p>\n","protected":false},"excerpt":{"rendered":"<p>Enguany l\u2019equip de canalla ha preparat novetats per \u2018motivar i cohesionar\u2019 el grup Els Bous, la colla castellera de la Bisbal del Pened\u00e8s, comencen els assajos de la canalla aquest &hellip; <a href=\"https:\/\/bisbalpenedes.com\/web\/2018\/02\/14\/els-bous-de-la-bisbal-comencen-els-assajos-de-la-canalla-aquest-divendres-16-de-febrer-a-les-19h\/\" class=\"more-link\">Read More<\/a><\/p>\n","protected":false},"author":4,"featured_media":4622,"comment_status":"closed","ping_status":"closed","sticky":false,"template":"","format":"standard","meta":[],"categories":[20],"tags":[1219,1276,378,1274,1277,377,667,1275,669,1278,1016],"_links":{"self":[{"href":"https:\/\/bisbalpenedes.com\/web\/wp-json\/wp\/v2\/posts\/4621"}],"collection":[{"href":"https:\/\/bisbalpenedes.com\/web\/wp-json\/wp\/v2\/posts"}],"about":[{"href":"https:\/\/bisbalpenedes.com\/web\/wp-json\/wp\/v2\/types\/post"}],"author":[{"embeddable":true,"href":"https:\/\/bisbalpenedes.com\/web\/wp-json\/wp\/v2\/users\/4"}],"replies":[{"embeddable":true,"href":"https:\/\/bisbalpenedes.com\/web\/wp-json\/wp\/v2\/comments?post=4621"}],"version-history":[{"count":4,"href":"https:\/\/bisbalpenedes.com\/web\/wp-json\/wp\/v2\/posts\/4621\/revisions"}],"predecessor-version":[{"id":4626,"href":"https:\/\/bisbalpenedes.com\/web\/wp-json\/wp\/v2\/posts\/4621\/revisions\/4626"}],"wp:featuredmedia":[{"embeddable":true,"href":"https:\/\/bisbalpenedes.com\/web\/wp-json\/wp\/v2\/media\/4622"}],"wp:attachment":[{"href":"https:\/\/bisbalpenedes.com\/web\/wp-json\/wp\/v2\/media?parent=4621"}],"wp:term":[{"taxonomy":"category","embeddable":true,"href":"https:\/\/bisbalpenedes.com\/web\/wp-json\/wp\/v2\/categories?post=4621"},{"taxonomy":"post_tag","embeddable":true,"href":"https:\/\/bisbalpenedes.com\/web\/wp-json\/wp\/v2\/tags?post=4621"}],"curies":[{"name":"wp","href":"https:\/\/api.w.org\/{rel}","templated":true}]}}