{"id":4595,"date":"2018-02-09T13:53:09","date_gmt":"2018-02-09T12:53:09","guid":{"rendered":"http:\/\/bisbalpenedes.com\/web\/?p=4595"},"modified":"2018-02-09T13:59:00","modified_gmt":"2018-02-09T12:59:00","slug":"canvi-dubicacio-dun-dels-contenidors-de-roba-dhumana","status":"publish","type":"post","link":"https:\/\/bisbalpenedes.com\/web\/2018\/02\/09\/canvi-dubicacio-dun-dels-contenidors-de-roba-dhumana\/","title":{"rendered":"Canvi d&#8217;ubicaci\u00f3 d&#8217;un dels contenidors de roba d&#8217;Humana"},"content":{"rendered":"<p><a href=\"http:\/\/bisbalpenedes.com\/web\/wp-content\/uploads\/2018\/02\/canvi-ubicacio-contenidor-humana-1.jpg\"><img loading=\"lazy\" class=\"aligncenter size-medium wp-image-4600\" src=\"http:\/\/bisbalpenedes.com\/web\/wp-content\/uploads\/2018\/02\/canvi-ubicacio-contenidor-humana-1-300x243.jpg\" alt=\"canvi ubicacio contenidor humana\" width=\"300\" height=\"243\" srcset=\"https:\/\/bisbalpenedes.com\/web\/wp-content\/uploads\/2018\/02\/canvi-ubicacio-contenidor-humana-1-300x243.jpg 300w, https:\/\/bisbalpenedes.com\/web\/wp-content\/uploads\/2018\/02\/canvi-ubicacio-contenidor-humana-1-600x486.jpg 600w, https:\/\/bisbalpenedes.com\/web\/wp-content\/uploads\/2018\/02\/canvi-ubicacio-contenidor-humana-1-768x621.jpg 768w, https:\/\/bisbalpenedes.com\/web\/wp-content\/uploads\/2018\/02\/canvi-ubicacio-contenidor-humana-1-1024x829.jpg 1024w, https:\/\/bisbalpenedes.com\/web\/wp-content\/uploads\/2018\/02\/canvi-ubicacio-contenidor-humana-1.jpg 1588w\" sizes=\"(max-width: 300px) 100vw, 300px\" \/><\/a><\/p>\n<p>El contenidor de roba d'&#8221;Humana Fundaci\u00f3n Pueblo para Pueblo&#8221; que estava situat al costat de l&#8217;IES Coster de la Torre ha canviat d&#8217;ubicaci\u00f3. A partir d&#8217;ara el trobareu a la Pla\u00e7a Pau Casals (la pista).<\/p>\n","protected":false},"excerpt":{"rendered":"<p>El contenidor de roba d&#8217;&#8221;Humana Fundaci\u00f3n Pueblo para Pueblo&#8221; que estava situat al costat de l&#8217;IES Coster de la Torre ha canviat d&#8217;ubicaci\u00f3. A partir d&#8217;ara el trobareu a la &hellip; <a href=\"https:\/\/bisbalpenedes.com\/web\/2018\/02\/09\/canvi-dubicacio-dun-dels-contenidors-de-roba-dhumana\/\" class=\"more-link\">Read More<\/a><\/p>\n","protected":false},"author":4,"featured_media":4597,"comment_status":"closed","ping_status":"closed","sticky":false,"template":"","format":"standard","meta":[],"categories":[4],"tags":[1273,255,1257,624],"_links":{"self":[{"href":"https:\/\/bisbalpenedes.com\/web\/wp-json\/wp\/v2\/posts\/4595"}],"collection":[{"href":"https:\/\/bisbalpenedes.com\/web\/wp-json\/wp\/v2\/posts"}],"about":[{"href":"https:\/\/bisbalpenedes.com\/web\/wp-json\/wp\/v2\/types\/post"}],"author":[{"embeddable":true,"href":"https:\/\/bisbalpenedes.com\/web\/wp-json\/wp\/v2\/users\/4"}],"replies":[{"embeddable":true,"href":"https:\/\/bisbalpenedes.com\/web\/wp-json\/wp\/v2\/comments?post=4595"}],"version-history":[{"count":4,"href":"https:\/\/bisbalpenedes.com\/web\/wp-json\/wp\/v2\/posts\/4595\/revisions"}],"predecessor-version":[{"id":4602,"href":"https:\/\/bisbalpenedes.com\/web\/wp-json\/wp\/v2\/posts\/4595\/revisions\/4602"}],"wp:featuredmedia":[{"embeddable":true,"href":"https:\/\/bisbalpenedes.com\/web\/wp-json\/wp\/v2\/media\/4597"}],"wp:attachment":[{"href":"https:\/\/bisbalpenedes.com\/web\/wp-json\/wp\/v2\/media?parent=4595"}],"wp:term":[{"taxonomy":"category","embeddable":true,"href":"https:\/\/bisbalpenedes.com\/web\/wp-json\/wp\/v2\/categories?post=4595"},{"taxonomy":"post_tag","embeddable":true,"href":"https:\/\/bisbalpenedes.com\/web\/wp-json\/wp\/v2\/tags?post=4595"}],"curies":[{"name":"wp","href":"https:\/\/api.w.org\/{rel}","templated":true}]}}