{"id":4592,"date":"2018-02-09T13:41:37","date_gmt":"2018-02-09T12:41:37","guid":{"rendered":"http:\/\/bisbalpenedes.com\/web\/?p=4592"},"modified":"2018-02-09T13:41:37","modified_gmt":"2018-02-09T12:41:37","slug":"el-25-de-febrer-podreu-veure-la-llamada-al-cmc-en-el-marc-del-cicle-gaudi","status":"publish","type":"post","link":"https:\/\/bisbalpenedes.com\/web\/2018\/02\/09\/el-25-de-febrer-podreu-veure-la-llamada-al-cmc-en-el-marc-del-cicle-gaudi\/","title":{"rendered":"El 25 de febrer podreu veure &#8216;La llamada&#8217; al CMC en el marc del Cicle Gaud\u00ed"},"content":{"rendered":"<p><a href=\"http:\/\/bisbalpenedes.com\/web\/wp-content\/uploads\/2018\/02\/VISUAL_A3_LA_LLAMADA_LA_BISBAL_PENEDES.jpg\"><img loading=\"lazy\" class=\"aligncenter size-large wp-image-4593\" src=\"http:\/\/bisbalpenedes.com\/web\/wp-content\/uploads\/2018\/02\/VISUAL_A3_LA_LLAMADA_LA_BISBAL_PENEDES-728x1024.jpg\" alt=\"VISUAL_A3_LA_LLAMADA_LA_BISBAL_PENEDES\" width=\"630\" height=\"886\" srcset=\"https:\/\/bisbalpenedes.com\/web\/wp-content\/uploads\/2018\/02\/VISUAL_A3_LA_LLAMADA_LA_BISBAL_PENEDES-728x1024.jpg 728w, https:\/\/bisbalpenedes.com\/web\/wp-content\/uploads\/2018\/02\/VISUAL_A3_LA_LLAMADA_LA_BISBAL_PENEDES-600x843.jpg 600w, https:\/\/bisbalpenedes.com\/web\/wp-content\/uploads\/2018\/02\/VISUAL_A3_LA_LLAMADA_LA_BISBAL_PENEDES-213x300.jpg 213w, https:\/\/bisbalpenedes.com\/web\/wp-content\/uploads\/2018\/02\/VISUAL_A3_LA_LLAMADA_LA_BISBAL_PENEDES-768x1080.jpg 768w, https:\/\/bisbalpenedes.com\/web\/wp-content\/uploads\/2018\/02\/VISUAL_A3_LA_LLAMADA_LA_BISBAL_PENEDES.jpg 1146w\" sizes=\"(max-width: 630px) 100vw, 630px\" \/><\/a><\/p>\n<p>El diumenge 25 de febrer a les 18h, podeu veure\u00a0&#8220;La llamada&#8221;,\u00a0dirigida per Javier Calvo i Javier Ambrossi, a l&#8217;Auditori Salb\u00e0 del CMC. La pel\u00b7l\u00edcula ha estat guardonada amb el Premi Especial del P\u00fablic a la 10\u00aa edici\u00f3 dels Premis Gaud\u00ed, guanyadora del Goya a Millor Can\u00e7\u00f3 Original i guanyadora del Premi Feroz a la Millor Com\u00e8dia.<\/p>\n<div class=\"wpb_text_column wpb_content_element \">\n<div class=\"wpb_wrapper\">\n<h4><span style=\"text-decoration: underline;\">FITXA\u00a0T\u00c8CNICA<\/span><\/h4>\n<\/div>\n<\/div>\n<div class=\"wpb_text_column wpb_content_element \">\n<div class=\"wpb_wrapper\">\n<p><i class=\"qode_icon_font_awesome fa fa-chevron-right qode_icon_element\"><\/i>\u00a0Direcci\u00f3:\u00a0<strong>Javier Calvo i Javier Ambrossi<\/strong><\/p>\n<p><i class=\"qode_icon_font_awesome fa fa-chevron-right qode_icon_element\"><\/i>\u00a0Gui\u00f3:\u00a0<strong>Javier Calvo i Javier Ambrossi<\/strong><\/p>\n<p><i class=\"qode_icon_font_awesome fa fa-chevron-right qode_icon_element\"><\/i>\u00a0M\u00fasica:\u00a0<strong>Leiva<\/strong><\/p>\n<p><i class=\"qode_icon_font_awesome fa fa-chevron-right qode_icon_element\"><\/i>\u00a0Estrena:\u00a0<strong>Setembre de 2017<\/strong><\/p>\n<p><i class=\"qode_icon_font_awesome fa fa-chevron-right qode_icon_element\"><\/i>\u00a0Durada:\u00a0<strong>108\u00a0min.<\/strong><\/p>\n<p><i class=\"qode_icon_font_awesome fa fa-chevron-right qode_icon_element\"><\/i>\u00a0G\u00e8nere:\u00a0<strong>Com\u00e8dia musical<\/strong><\/p>\n<p><i class=\"qode_icon_font_awesome fa fa-chevron-right qode_icon_element\"><\/i>\u00a0Versi\u00f3:\u00a0<strong>Original castell\u00e0<\/strong><\/p>\n<p><i class=\"qode_icon_font_awesome fa fa-chevron-right qode_icon_element\"><\/i>\u00a0Int\u00e8rprets:\u00a0<strong>Macarena Garc\u00eda , Anna Castillo , Bel\u00e9n Cuesta , Gracia Olayo , Richard Collins Moore<\/strong><\/p>\n<div class=\"wpb_text_column wpb_content_element \">\n<div class=\"wpb_wrapper\">\n<h4><\/h4>\n<h4><span style=\"text-decoration: underline;\">SINOPSI<\/span><\/h4>\n<\/div>\n<\/div>\n<div class=\"wpb_text_column wpb_content_element \">\n<div class=\"wpb_wrapper\">\n<p><strong>Agost 2013. Campament cristi\u00e0 La Br\u00fajula.<\/strong><\/p>\n<p>Bernarda, una monja nouvinguda, vol salvar el campament amb la seva can\u00e7\u00f3, \u201cViviremos firmes en la fe\u201d.<br \/>\nLa Germana Milagros, una jove amb dubtes, recorda com li agradava Presuntos Implicados.<br \/>\nI la Mar\u00eda i la Susana, dues adolescents castigades, tenen un grup que es diu Suma Latina. Per\u00f2 des que D\u00e9u se li apareix a la Mar\u00eda una nit, tot est\u00e0 canviant.<br \/>\nI \u00e9s que a D\u00e9u li encanta Whitney Houston.<\/p>\n<p>La Llamada \u00e9s una epopeia en clau Disney amb actuacions musicals que segueix el desenvolupament d\u2019una com\u00e8dia rom\u00e0ntica, per\u00f2 transcendeix i juga amb tots aquests g\u00e8neres per acabar sent un cant a la llibertat i al primer amor.<\/p>\n<\/div>\n<\/div>\n<\/div>\n<\/div>\n<div class=\"wpb_text_column wpb_content_element \">\n<p style=\"text-align: center;\"><strong>Tr\u00e0iler:<\/strong><br \/>\n<iframe loading=\"lazy\" src=\"https:\/\/www.youtube.com\/embed\/MvtQFMJgpHo\" width=\"560\" height=\"315\" frameborder=\"0\" allowfullscreen=\"allowfullscreen\"><\/iframe><\/p>\n<\/div>\n<p style=\"text-align: center;\"><strong>\u00a0Falca radiof\u00f2nica:<\/strong><\/p>\n<p style=\"text-align: center;\"><iframe loading=\"lazy\" src=\"https:\/\/w.soundcloud.com\/player\/?url=https%3A\/\/api.soundcloud.com\/tracks\/396846585&amp;color=%23ff5500&amp;auto_play=false&amp;hide_related=false&amp;show_comments=true&amp;show_user=true&amp;show_reposts=false&amp;show_teaser=true&amp;visual=true\" width=\"100%\" height=\"300\" frameborder=\"no\" scrolling=\"no\"><\/iframe><\/p>\n<p>El preu general de l\u2019entrada ser\u00e0 de 4,5\u20ac i un preu redu\u00eft de 3\u20ac presentant el carnet de la Biblioteca Municipal de La Bisbal.<\/p>\n<p>Quant a la recaptaci\u00f3, aquesta es destinar\u00e0 a l\u2019entitat del poble que s\u2019encarregui de gestionar la taquilla en cadascuna de les projeccions, en aquest cas l&#8217;Associaci\u00f3 de la Gent Gran.<\/p>\n","protected":false},"excerpt":{"rendered":"<p>El diumenge 25 de febrer a les 18h, podeu veure\u00a0&#8220;La llamada&#8221;,\u00a0dirigida per Javier Calvo i Javier Ambrossi, a l&#8217;Auditori Salb\u00e0 del CMC. La pel\u00b7l\u00edcula ha estat guardonada amb el Premi &hellip; <a href=\"https:\/\/bisbalpenedes.com\/web\/2018\/02\/09\/el-25-de-febrer-podreu-veure-la-llamada-al-cmc-en-el-marc-del-cicle-gaudi\/\" class=\"more-link\">Read More<\/a><\/p>\n","protected":false},"author":4,"featured_media":4593,"comment_status":"closed","ping_status":"closed","sticky":false,"template":"","format":"standard","meta":[],"categories":[13],"tags":[950,308,307,226,1167,1271,1272,1270],"_links":{"self":[{"href":"https:\/\/bisbalpenedes.com\/web\/wp-json\/wp\/v2\/posts\/4592"}],"collection":[{"href":"https:\/\/bisbalpenedes.com\/web\/wp-json\/wp\/v2\/posts"}],"about":[{"href":"https:\/\/bisbalpenedes.com\/web\/wp-json\/wp\/v2\/types\/post"}],"author":[{"embeddable":true,"href":"https:\/\/bisbalpenedes.com\/web\/wp-json\/wp\/v2\/users\/4"}],"replies":[{"embeddable":true,"href":"https:\/\/bisbalpenedes.com\/web\/wp-json\/wp\/v2\/comments?post=4592"}],"version-history":[{"count":1,"href":"https:\/\/bisbalpenedes.com\/web\/wp-json\/wp\/v2\/posts\/4592\/revisions"}],"predecessor-version":[{"id":4594,"href":"https:\/\/bisbalpenedes.com\/web\/wp-json\/wp\/v2\/posts\/4592\/revisions\/4594"}],"wp:featuredmedia":[{"embeddable":true,"href":"https:\/\/bisbalpenedes.com\/web\/wp-json\/wp\/v2\/media\/4593"}],"wp:attachment":[{"href":"https:\/\/bisbalpenedes.com\/web\/wp-json\/wp\/v2\/media?parent=4592"}],"wp:term":[{"taxonomy":"category","embeddable":true,"href":"https:\/\/bisbalpenedes.com\/web\/wp-json\/wp\/v2\/categories?post=4592"},{"taxonomy":"post_tag","embeddable":true,"href":"https:\/\/bisbalpenedes.com\/web\/wp-json\/wp\/v2\/tags?post=4592"}],"curies":[{"name":"wp","href":"https:\/\/api.w.org\/{rel}","templated":true}]}}