{"id":4589,"date":"2018-02-09T13:10:40","date_gmt":"2018-02-09T12:10:40","guid":{"rendered":"http:\/\/bisbalpenedes.com\/web\/?p=4589"},"modified":"2018-02-09T13:11:23","modified_gmt":"2018-02-09T12:11:23","slug":"avis-prohibicio-destacionament-del-10-al-18-de-febrer-al-davant-del-punt-verd","status":"publish","type":"post","link":"https:\/\/bisbalpenedes.com\/web\/2018\/02\/09\/avis-prohibicio-destacionament-del-10-al-18-de-febrer-al-davant-del-punt-verd\/","title":{"rendered":"AV\u00cdS|| Prohibici\u00f3 d&#8217;estacionament del 10 al 18 de febrer al davant del Punt Verd"},"content":{"rendered":"<p>AV\u00cdS|| Del 10 al 18 de febrer es faran treballs de condicionament de l&#8217;aparcament de vehicles que est\u00e0 situat al davant de la porta del Punt Verd. Aquests treballs formen part de les obres de construcci\u00f3 del p\u00e0rquing d&#8217;autobusos de l&#8217;IES Coster de la Torre que s&#8217;estan duent a terme en l&#8217;actualitat. \u00c9s per aix\u00f2 que del 10 al 18 de febrer de 2018 estar\u00e0 prohibit estacionar a la zona (s&#8217;adjunta la imatge de la zona on no es podr\u00e0 aparcar). Disculpeu les mol\u00e8sties.<\/p>\n<p>AVISO|| Del 10 al 18 de febrero se har\u00e1n trabajos de acondicionamiento del aparcamiento de veh\u00edculos que est\u00e1 situado delante de la puerta del Punt Verd. Estos trabajos forman parte de las obras de construcci\u00f3n del parking de autobuses del IES Coster de la Torre que se est\u00e1n llevando a cabo en la actualidad. Es por este motivo que del 10 al 18 de febrero del 2018 estar\u00e1 prohibido estacionar en la zona (se adjunta imagen de la zona d\u00f3nde no se podr\u00e1 aparcar). Disculpad las molestias.<\/p>\n<p><a href=\"http:\/\/bisbalpenedes.com\/web\/wp-content\/uploads\/2018\/02\/vista-aerea-IES.jpg\"><img loading=\"lazy\" class=\"aligncenter size-large wp-image-4590\" src=\"http:\/\/bisbalpenedes.com\/web\/wp-content\/uploads\/2018\/02\/vista-aerea-IES-1024x547.jpg\" alt=\"vista aerea IES\" width=\"630\" height=\"337\" srcset=\"https:\/\/bisbalpenedes.com\/web\/wp-content\/uploads\/2018\/02\/vista-aerea-IES-1024x547.jpg 1024w, https:\/\/bisbalpenedes.com\/web\/wp-content\/uploads\/2018\/02\/vista-aerea-IES-600x321.jpg 600w, https:\/\/bisbalpenedes.com\/web\/wp-content\/uploads\/2018\/02\/vista-aerea-IES-300x160.jpg 300w, https:\/\/bisbalpenedes.com\/web\/wp-content\/uploads\/2018\/02\/vista-aerea-IES-768x410.jpg 768w, https:\/\/bisbalpenedes.com\/web\/wp-content\/uploads\/2018\/02\/vista-aerea-IES.jpg 1254w\" sizes=\"(max-width: 630px) 100vw, 630px\" \/><\/a><\/p>\n<p>&nbsp;<\/p>\n<p>&nbsp;<\/p>\n<p>&nbsp;<\/p>\n<p>&nbsp;<\/p>\n","protected":false},"excerpt":{"rendered":"<p>AV\u00cdS|| Del 10 al 18 de febrer es faran treballs de condicionament de l&#8217;aparcament de vehicles que est\u00e0 situat al davant de la porta del Punt Verd. Aquests treballs formen &hellip; <a href=\"https:\/\/bisbalpenedes.com\/web\/2018\/02\/09\/avis-prohibicio-destacionament-del-10-al-18-de-febrer-al-davant-del-punt-verd\/\" class=\"more-link\">Read More<\/a><\/p>\n","protected":false},"author":4,"featured_media":4590,"comment_status":"closed","ping_status":"closed","sticky":false,"template":"","format":"standard","meta":[],"categories":[16],"tags":[331,332,729,566,1269,723,92],"_links":{"self":[{"href":"https:\/\/bisbalpenedes.com\/web\/wp-json\/wp\/v2\/posts\/4589"}],"collection":[{"href":"https:\/\/bisbalpenedes.com\/web\/wp-json\/wp\/v2\/posts"}],"about":[{"href":"https:\/\/bisbalpenedes.com\/web\/wp-json\/wp\/v2\/types\/post"}],"author":[{"embeddable":true,"href":"https:\/\/bisbalpenedes.com\/web\/wp-json\/wp\/v2\/users\/4"}],"replies":[{"embeddable":true,"href":"https:\/\/bisbalpenedes.com\/web\/wp-json\/wp\/v2\/comments?post=4589"}],"version-history":[{"count":1,"href":"https:\/\/bisbalpenedes.com\/web\/wp-json\/wp\/v2\/posts\/4589\/revisions"}],"predecessor-version":[{"id":4591,"href":"https:\/\/bisbalpenedes.com\/web\/wp-json\/wp\/v2\/posts\/4589\/revisions\/4591"}],"wp:featuredmedia":[{"embeddable":true,"href":"https:\/\/bisbalpenedes.com\/web\/wp-json\/wp\/v2\/media\/4590"}],"wp:attachment":[{"href":"https:\/\/bisbalpenedes.com\/web\/wp-json\/wp\/v2\/media?parent=4589"}],"wp:term":[{"taxonomy":"category","embeddable":true,"href":"https:\/\/bisbalpenedes.com\/web\/wp-json\/wp\/v2\/categories?post=4589"},{"taxonomy":"post_tag","embeddable":true,"href":"https:\/\/bisbalpenedes.com\/web\/wp-json\/wp\/v2\/tags?post=4589"}],"curies":[{"name":"wp","href":"https:\/\/api.w.org\/{rel}","templated":true}]}}