{"id":4585,"date":"2018-02-08T20:54:39","date_gmt":"2018-02-08T19:54:39","guid":{"rendered":"http:\/\/bisbalpenedes.com\/web\/?p=4585"},"modified":"2018-02-08T21:00:07","modified_gmt":"2018-02-08T20:00:07","slug":"14-alumnes-de-lies-coster-de-la-torre-han-rebut-el-diploma-delf-scolaire-aquest-dilluns","status":"publish","type":"post","link":"https:\/\/bisbalpenedes.com\/web\/2018\/02\/08\/14-alumnes-de-lies-coster-de-la-torre-han-rebut-el-diploma-delf-scolaire-aquest-dilluns\/","title":{"rendered":"14 alumnes de l\u2019Institut Coster de la Torre han rebut el diploma DELF scolaire aquest dilluns"},"content":{"rendered":"<p><a href=\"http:\/\/bisbalpenedes.com\/web\/wp-content\/uploads\/2018\/02\/ALUMNES-DEL-COSTER-DE-LA-TORRE-RECOLLIDA-DIPLOMES.jpg\"><img loading=\"lazy\" class=\"aligncenter size-medium wp-image-4586\" src=\"http:\/\/bisbalpenedes.com\/web\/wp-content\/uploads\/2018\/02\/ALUMNES-DEL-COSTER-DE-LA-TORRE-RECOLLIDA-DIPLOMES-300x224.jpg\" alt=\"ALUMNES DEL COSTER DE LA TORRE-RECOLLIDA DIPLOMES\" width=\"300\" height=\"224\" srcset=\"https:\/\/bisbalpenedes.com\/web\/wp-content\/uploads\/2018\/02\/ALUMNES-DEL-COSTER-DE-LA-TORRE-RECOLLIDA-DIPLOMES-300x224.jpg 300w, https:\/\/bisbalpenedes.com\/web\/wp-content\/uploads\/2018\/02\/ALUMNES-DEL-COSTER-DE-LA-TORRE-RECOLLIDA-DIPLOMES-600x448.jpg 600w, https:\/\/bisbalpenedes.com\/web\/wp-content\/uploads\/2018\/02\/ALUMNES-DEL-COSTER-DE-LA-TORRE-RECOLLIDA-DIPLOMES-768x574.jpg 768w, https:\/\/bisbalpenedes.com\/web\/wp-content\/uploads\/2018\/02\/ALUMNES-DEL-COSTER-DE-LA-TORRE-RECOLLIDA-DIPLOMES-1024x765.jpg 1024w\" sizes=\"(max-width: 300px) 100vw, 300px\" \/><\/a><\/p>\n<p>El passat <strong>dilluns 5 de febrer<\/strong> la Sala d\u2019actes de l\u2019Institut Vidal i Barraquer de Tarragona va acollir el <strong>lliurament dels Diplomes <em>DELF scolaire<\/em><\/strong> (Diplomes d\u2019estudis en llengua francesa) , una cerim\u00f2nia que es va organitzar conjuntament entre l\u2019Institut Franc\u00e8s i el Departament d\u2019Ensenyament.<\/p>\n<p>Els diplomes <em>DELF scolaire<\/em> (Dipl\u00f4me d\u2019\u00c9tudes en Langue Fran\u00e7aise) estan adre\u00e7ats als alumnes de secund\u00e0ria dels centres p\u00fablics i s\u00f3n uns certificats que corresponen als sis nivells del <strong>Marc Com\u00fa Europeu de refer\u00e8ncia per a les lleng\u00fces (MCECR)<\/strong> que certifiquen el domini de les quatre compet\u00e8ncies ling\u00fc\u00edstiques en franc\u00e8s.<\/p>\n<p>Al lliurament dels diplomes hi van assistir <strong>14 alumnes de l\u2019Institut Coster de la Torre que van recollir els seus diplomes<\/strong> de nivell A2 (9 alumnes), B1 (4 alumnes) i B2 (1 alumne) acompanyats de les seves fam\u00edlies i el professorat del centre. Durant l\u2019acte hi van intervenir diverses autoritats de l\u2019\u00e0mbit educatiu aix\u00ed com diversos alumnes que van explicar la seva experi\u00e8ncia o van dur a terme representacions franc\u00f2fones de can\u00e7ons i poemes. Entre aquests alumnes hi havia la Sara Hrich, alumna de 1r de batxillerat de l\u2019Institut Coster de la Torre, que va explicar quina havia estat la seva experi\u00e8ncia personal en presentar-se a una prova oficial com aquesta, que per a molts alumnes ha estat la primera de la seva traject\u00f2ria acad\u00e8mica.<\/p>\n<p>El programa <em>DELF scolaire<\/em> s\u2019emmarca en l\u2019acord entre el Servei de Cooperaci\u00f3 i d\u2019Acci\u00f3 Cultural de l\u2019ambaixada de Fran\u00e7a i el Departament d\u2019Ensenyament de Catalunya i es duu a terme des de l\u2019any 2014. L\u2019Institut Coster de la Torre, que en l\u2019actualitat compta amb 123 alumnes que estudien franc\u00e8s al centre (des de 1r d\u2019ESO fins a 2n de BAT), hi ha participat des del primer any.<\/p>\n<p>&nbsp;<\/p>\n<p>&nbsp;<\/p>\n","protected":false},"excerpt":{"rendered":"<p>El passat dilluns 5 de febrer la Sala d\u2019actes de l\u2019Institut Vidal i Barraquer de Tarragona va acollir el lliurament dels Diplomes DELF scolaire (Diplomes d\u2019estudis en llengua francesa) , &hellip; <a href=\"https:\/\/bisbalpenedes.com\/web\/2018\/02\/08\/14-alumnes-de-lies-coster-de-la-torre-han-rebut-el-diploma-delf-scolaire-aquest-dilluns\/\" class=\"more-link\">Read More<\/a><\/p>\n","protected":false},"author":4,"featured_media":4586,"comment_status":"closed","ping_status":"closed","sticky":false,"template":"","format":"standard","meta":[],"categories":[16],"tags":[332,1268,608,274,862,836,566,837],"_links":{"self":[{"href":"https:\/\/bisbalpenedes.com\/web\/wp-json\/wp\/v2\/posts\/4585"}],"collection":[{"href":"https:\/\/bisbalpenedes.com\/web\/wp-json\/wp\/v2\/posts"}],"about":[{"href":"https:\/\/bisbalpenedes.com\/web\/wp-json\/wp\/v2\/types\/post"}],"author":[{"embeddable":true,"href":"https:\/\/bisbalpenedes.com\/web\/wp-json\/wp\/v2\/users\/4"}],"replies":[{"embeddable":true,"href":"https:\/\/bisbalpenedes.com\/web\/wp-json\/wp\/v2\/comments?post=4585"}],"version-history":[{"count":2,"href":"https:\/\/bisbalpenedes.com\/web\/wp-json\/wp\/v2\/posts\/4585\/revisions"}],"predecessor-version":[{"id":4588,"href":"https:\/\/bisbalpenedes.com\/web\/wp-json\/wp\/v2\/posts\/4585\/revisions\/4588"}],"wp:featuredmedia":[{"embeddable":true,"href":"https:\/\/bisbalpenedes.com\/web\/wp-json\/wp\/v2\/media\/4586"}],"wp:attachment":[{"href":"https:\/\/bisbalpenedes.com\/web\/wp-json\/wp\/v2\/media?parent=4585"}],"wp:term":[{"taxonomy":"category","embeddable":true,"href":"https:\/\/bisbalpenedes.com\/web\/wp-json\/wp\/v2\/categories?post=4585"},{"taxonomy":"post_tag","embeddable":true,"href":"https:\/\/bisbalpenedes.com\/web\/wp-json\/wp\/v2\/tags?post=4585"}],"curies":[{"name":"wp","href":"https:\/\/api.w.org\/{rel}","templated":true}]}}