{"id":4575,"date":"2018-02-08T19:59:49","date_gmt":"2018-02-08T18:59:49","guid":{"rendered":"http:\/\/bisbalpenedes.com\/web\/?p=4575"},"modified":"2018-02-08T20:34:49","modified_gmt":"2018-02-08T19:34:49","slug":"lajuntament-de-la-bisbal-del-penedes-impulsa-la-gestio-etica-de-colonies-felines-mitjancant-un-projecte-cer","status":"publish","type":"post","link":"https:\/\/bisbalpenedes.com\/web\/2018\/02\/08\/lajuntament-de-la-bisbal-del-penedes-impulsa-la-gestio-etica-de-colonies-felines-mitjancant-un-projecte-cer\/","title":{"rendered":"L\u2019Ajuntament de la Bisbal del Pened\u00e8s impulsa la gesti\u00f3 \u00e8tica de col\u00f2nies felines mitjan\u00e7ant un projecte CER"},"content":{"rendered":"<p><a href=\"http:\/\/bisbalpenedes.com\/web\/wp-content\/uploads\/2018\/02\/cartell-gats-facebook.jpg\"><img loading=\"lazy\" class=\"aligncenter size-medium wp-image-4579\" src=\"http:\/\/bisbalpenedes.com\/web\/wp-content\/uploads\/2018\/02\/cartell-gats-facebook-300x300.jpg\" alt=\"cartell gats facebook\" width=\"300\" height=\"300\" srcset=\"https:\/\/bisbalpenedes.com\/web\/wp-content\/uploads\/2018\/02\/cartell-gats-facebook-300x300.jpg 300w, https:\/\/bisbalpenedes.com\/web\/wp-content\/uploads\/2018\/02\/cartell-gats-facebook-100x100.jpg 100w, https:\/\/bisbalpenedes.com\/web\/wp-content\/uploads\/2018\/02\/cartell-gats-facebook-600x600.jpg 600w, https:\/\/bisbalpenedes.com\/web\/wp-content\/uploads\/2018\/02\/cartell-gats-facebook-150x150.jpg 150w, https:\/\/bisbalpenedes.com\/web\/wp-content\/uploads\/2018\/02\/cartell-gats-facebook-768x768.jpg 768w, https:\/\/bisbalpenedes.com\/web\/wp-content\/uploads\/2018\/02\/cartell-gats-facebook.jpg 960w\" sizes=\"(max-width: 300px) 100vw, 300px\" \/><\/a><\/p>\n<p>La Regidoria de Medi Ambient de la Bisbal del Pened\u00e8s inicia un projecte pilot de control poblacional de col\u00f2nies de gats ferals en col\u00b7laboraci\u00f3 amb l\u2019entitat de protecci\u00f3 animal Coordinadora Felina de Tarragona. \u00c9s per aix\u00f2 que el consistori convoca els ciutadans a la presentaci\u00f3 d\u2019aquest projecte el pr\u00f2xim dijous dia 15 de febrer a partir de les 17.30 hores al Centre Municipal de Cultura (CMC).<\/p>\n<p>A la presentaci\u00f3 es detallar\u00e0 el model mixt de gesti\u00f3 \u00e8tica de col\u00f2nies que es vol aplicar a la Bisbal. D\u2019una banda, es presentaran les accions que es volen realitzar durant el 2018 i que s\u2019emmarquen en la prova del projecte a un nombre redu\u00eft de col\u00f2nies, a les quals es realitzar\u00e0 control poblacional aplicant el m\u00e8tode CER de captura, esterilitzaci\u00f3 i retorn per professionals en proteccionisme fel\u00ed. D\u2019altra banda s\u2019impartir\u00e0 formaci\u00f3 als assistents de les accions complement\u00e0ries al CER, que permetran assolir una gesti\u00f3 \u00e8tica i que es podran dur a terme des del voluntariat local.<\/p>\n<p>Durant la jornada tamb\u00e9 s\u2019explicaran els requisits per aconseguir el carnet d\u2019alimentador que autoritzar\u00e0 a realitzar aquesta tasca, aix\u00ed com el registre previ de la col\u00f2nia i la signatura d\u2019un document que en regular\u00e0 la normativa.<\/p>\n<p>La inscripci\u00f3 a l\u2019acte es pot realitzar omplint escrivint a <a href=\"mailto:info@coordinadorafelinatgn.cat\">info@coordinadorafelinatgn.cat<\/a>, a l\u2019enlla\u00e7 <a href=\"https:\/\/goo.gl\/rLPpmG\">https:\/\/goo.gl\/rLPpmG<\/a> o de manera presencial al consistori fins al dimarts dia 13 de febrer.<\/p>\n<p><a href=\"http:\/\/bisbalpenedes.com\/web\/wp-content\/uploads\/2018\/02\/GAT-DE-CARRER-1-683x1024.jpg\"><img loading=\"lazy\" class=\"aligncenter size-medium wp-image-4580\" src=\"http:\/\/bisbalpenedes.com\/web\/wp-content\/uploads\/2018\/02\/GAT-DE-CARRER-1-683x1024-200x300.jpg\" alt=\"GAT DE CARRER 1 (683x1024)\" width=\"200\" height=\"300\" srcset=\"https:\/\/bisbalpenedes.com\/web\/wp-content\/uploads\/2018\/02\/GAT-DE-CARRER-1-683x1024-200x300.jpg 200w, https:\/\/bisbalpenedes.com\/web\/wp-content\/uploads\/2018\/02\/GAT-DE-CARRER-1-683x1024-600x900.jpg 600w, https:\/\/bisbalpenedes.com\/web\/wp-content\/uploads\/2018\/02\/GAT-DE-CARRER-1-683x1024.jpg 683w\" sizes=\"(max-width: 200px) 100vw, 200px\" \/><\/a><\/p>\n<p><strong>M\u00e8tode de control poblacional <\/strong><\/p>\n<p>Els gats capturats en el marc de la campanya CER seran sotmesos a una revisi\u00f3 veterin\u00e0ria, vacunats, desparasitats i esterilitzats. Tamb\u00e9 se\u2019ls realitzar\u00e0 una petita marca en forma de V a l\u2019orella per identificar-los.<\/p>\n<p>Aquesta \u00e9s l\u2019\u00fanica intervenci\u00f3 de control poblacional fel\u00ed avalada per la ci\u00e8ncia, humanit\u00e0ria i que no malbarata recursos p\u00fablics. La retirada de gats \u00e9s ineficient perqu\u00e8 no t\u00e9 en compte l\u2019efecte de buit ecol\u00f2gic: en treure una col\u00f2nia del seu h\u00e0bitat es forma una de nova en un espai curt de temps.<\/p>\n<p>L\u2019esterilitzaci\u00f3 millora la conviv\u00e8ncia eliminant les mol\u00e8sties produ\u00efdes per les col\u00f2nies (orins de marcatge, baralles, miols en per\u00edodes de zel, etc\u00e8tera). Tamb\u00e9 redueix els riscos sanitaris, tant per als animals com per als ve\u00efns alhora que evita una sobrepoblaci\u00f3 i millora la qualitat de vida dels animals i de la ciutadania que hi conviu.<\/p>\n<p>La regidora Leo Uceda ha explicat que \u201caquest projecte ha estat reivindicat per diversos ve\u00efns del municipi i l\u2019Ajuntament fa temps que hi treballa. S\u2019han fet diverses reunions i hem estat estudiant la forma m\u00e9s adient de fer el control de les col\u00f2nies de gats a la Bisbal, fins que ens hem decidit pel projecte CER amb la col\u00b7laboraci\u00f3 de la Coordinadora Felina de Tarragona\u201d. La regidora tamb\u00e9 ha volgut recordar que segons la Llei de protecci\u00f3 dels animals DOGC 5113 17\/04\/2008, codi penal 337 \u201cEls gats del carrer estan protegits per la llei i es consideren animals dom\u00e8stics\u201d, ja que l\u2019article 3 de la Llei inclou aquesta definici\u00f3 d\u2019Animal de companyia: \u201canimal dom\u00e8stic que les persones mantenen generalment a la llar amb la finalitat d&#8217;obtenir-ne companyia. Als efectes d&#8217;aquesta Llei, gaudeixen sempre d&#8217;aquesta consideraci\u00f3 els gossos, els gats i les fures\u201d<\/p>\n<p><a href=\"http:\/\/bisbalpenedes.com\/web\/wp-content\/uploads\/2018\/02\/GAT-DE-CARRER-2-683x1024-1.jpg\"><img loading=\"lazy\" class=\"aligncenter size-medium wp-image-4582\" src=\"http:\/\/bisbalpenedes.com\/web\/wp-content\/uploads\/2018\/02\/GAT-DE-CARRER-2-683x1024-1-200x300.jpg\" alt=\"GAT DE CARRER 2 (683x1024)\" width=\"200\" height=\"300\" srcset=\"https:\/\/bisbalpenedes.com\/web\/wp-content\/uploads\/2018\/02\/GAT-DE-CARRER-2-683x1024-1-200x300.jpg 200w, https:\/\/bisbalpenedes.com\/web\/wp-content\/uploads\/2018\/02\/GAT-DE-CARRER-2-683x1024-1-600x900.jpg 600w, https:\/\/bisbalpenedes.com\/web\/wp-content\/uploads\/2018\/02\/GAT-DE-CARRER-2-683x1024-1.jpg 683w\" sizes=\"(max-width: 200px) 100vw, 200px\" \/><\/a><\/p>\n<p><strong>Campanya de tinen\u00e7a responsable<\/strong><\/p>\n<p>L\u2019exist\u00e8ncia de gats i gossos a la via p\u00fablica \u00e9s causada per ciutadans que incompleixen les seves obligacions legals. Per aquest motiu l\u2019ajuntament realitzar\u00e0 una campanya de tinen\u00e7a responsable consistent en informar els ciutadans de les seves responsabilitats en relaci\u00f3 amb els animals de companyia.<\/p>\n<p>Aquesta campanya integra una col\u00b7laboraci\u00f3 amb la cl\u00ednica veterin\u00e0ria Wuapu&#8217;s del Vendrell per realitzar esterilitzacions i identificacions de gats i gossos a preu redu\u00eft des del 15 de febrer fins al 15 d\u2019abril de 2018.<\/p>\n","protected":false},"excerpt":{"rendered":"<p>La Regidoria de Medi Ambient de la Bisbal del Pened\u00e8s inicia un projecte pilot de control poblacional de col\u00f2nies de gats ferals en col\u00b7laboraci\u00f3 amb l\u2019entitat de protecci\u00f3 animal Coordinadora &hellip; <a href=\"https:\/\/bisbalpenedes.com\/web\/2018\/02\/08\/lajuntament-de-la-bisbal-del-penedes-impulsa-la-gestio-etica-de-colonies-felines-mitjancant-un-projecte-cer\/\" class=\"more-link\">Read More<\/a><\/p>\n","protected":false},"author":4,"featured_media":4579,"comment_status":"closed","ping_status":"closed","sticky":false,"template":"","format":"standard","meta":[],"categories":[32],"tags":[1267,1263,564,1264,1265,1266,1262],"_links":{"self":[{"href":"https:\/\/bisbalpenedes.com\/web\/wp-json\/wp\/v2\/posts\/4575"}],"collection":[{"href":"https:\/\/bisbalpenedes.com\/web\/wp-json\/wp\/v2\/posts"}],"about":[{"href":"https:\/\/bisbalpenedes.com\/web\/wp-json\/wp\/v2\/types\/post"}],"author":[{"embeddable":true,"href":"https:\/\/bisbalpenedes.com\/web\/wp-json\/wp\/v2\/users\/4"}],"replies":[{"embeddable":true,"href":"https:\/\/bisbalpenedes.com\/web\/wp-json\/wp\/v2\/comments?post=4575"}],"version-history":[{"count":5,"href":"https:\/\/bisbalpenedes.com\/web\/wp-json\/wp\/v2\/posts\/4575\/revisions"}],"predecessor-version":[{"id":4584,"href":"https:\/\/bisbalpenedes.com\/web\/wp-json\/wp\/v2\/posts\/4575\/revisions\/4584"}],"wp:featuredmedia":[{"embeddable":true,"href":"https:\/\/bisbalpenedes.com\/web\/wp-json\/wp\/v2\/media\/4579"}],"wp:attachment":[{"href":"https:\/\/bisbalpenedes.com\/web\/wp-json\/wp\/v2\/media?parent=4575"}],"wp:term":[{"taxonomy":"category","embeddable":true,"href":"https:\/\/bisbalpenedes.com\/web\/wp-json\/wp\/v2\/categories?post=4575"},{"taxonomy":"post_tag","embeddable":true,"href":"https:\/\/bisbalpenedes.com\/web\/wp-json\/wp\/v2\/tags?post=4575"}],"curies":[{"name":"wp","href":"https:\/\/api.w.org\/{rel}","templated":true}]}}