{"id":4560,"date":"2018-02-06T22:10:17","date_gmt":"2018-02-06T21:10:17","guid":{"rendered":"http:\/\/bisbalpenedes.com\/web\/?p=4560"},"modified":"2018-02-06T22:14:32","modified_gmt":"2018-02-06T21:14:32","slug":"saprova-la-liquidacio-de-les-quotes-durbanitzacio-dels-poligons-per-augmentar-la-potencia-electrica","status":"publish","type":"post","link":"https:\/\/bisbalpenedes.com\/web\/2018\/02\/06\/saprova-la-liquidacio-de-les-quotes-durbanitzacio-dels-poligons-per-augmentar-la-potencia-electrica\/","title":{"rendered":"S&#8217;aprova la liquidaci\u00f3 de les quotes d&#8217;urbanitzaci\u00f3 dels pol\u00edgons per augmentar la pot\u00e8ncia el\u00e8ctrica"},"content":{"rendered":"<p>La Junta de Govern, reunida el passat dijous 1 de febrer, va aprovar l\u2019acord de liquidaci\u00f3 de les quotes d\u2019urbanitzaci\u00f3 provisionals pel pagament anticipat i fraccionat de les parcel\u00b7les incloses al projecte de reparcel\u00b7laci\u00f3 del Pol\u00edgon Les Planes.<\/p>\n<p>Les despeses previstes en el Projecte d\u2019operaci\u00f3 jur\u00eddica complement\u00e0ria ascendeixen a 724.399,65\u20ac (IVA incl\u00f2s). Les liquidacions provisionals practicades seran regularitzades, un cop finalitzada l\u2019obra d\u2019urbanitzaci\u00f3, mitjan\u00e7ant l\u2019aprovaci\u00f3 del compte de liquidaci\u00f3 definitiu. Aix\u00ed, ara cada propietari t\u00e9 un pagament individual en proporci\u00f3 al percentatge d\u2019adjudicaci\u00f3 que t\u00e9 assignat en el compte de liquidaci\u00f3 provisional i, el que es va aprovar per Junta de Govern \u00e9s el fraccionament del pagament de l\u2019import de les quotes del compte de liquidaci\u00f3 provisional. La quota n\u00famero 1 ascendeix a 643.101,41\u20ac que corresponen a les fites 2, 3, 4 i 5, previstes en el conveni signat amb l\u2019empresa Endesa, i la quota que s\u2019enviar\u00e0 ara als propietaris de les parcel\u00b7les \u00e9s per cobrir la totalitat d\u2019aquest import. La quota n\u00famero 2 correspon a les fites 6 i 7, previstes en el conveni signat, i s\u2019enviar\u00e0 a finals d\u2019any. Quant a la quota n\u00famero 3, aquesta correspon a la liquidaci\u00f3 definitiva, quantitat que es coneixer\u00e0 amb exactitud quan finalitzin les obres. BASE-Gesti\u00f3 d\u2019Ingressos \u00e9s qui s\u2019encarregar\u00e0 de gestionar els pagaments.<\/p>\n<p>L\u2019any 2002 es va aprovar el projecte de reparcel\u00b7laci\u00f3 del pol\u00edgon mitjan\u00e7ant el sistema de cooperaci\u00f3. Es van executar les obres d\u2019urbanitzaci\u00f3 per\u00f2 va quedar pendent d\u2019executar la connexi\u00f3 el\u00e8ctrica externa al pol\u00edgon industrial. En aquells moments ja s\u2019estava negociant amb Endesa aquesta inversi\u00f3 per comptar amb m\u00e9s pot\u00e8ncia el\u00e8ctrica per a les ind\u00fastries que s\u2019hi instal\u00b7lessin.<\/p>\n<p>El passat 7 de juny es va signar el conveni de realitzaci\u00f3 d\u2019infraestructures d\u2019energia el\u00e8ctrica del sector Pol\u00edgon Industrial Les Planes i de les Planes Baixes en el terme municipal de la Bisbal del Pened\u00e8s amb Endesa Distribuci\u00f3 El\u00e8ctrica SLU (ede), que tamb\u00e9 es va signar amb m\u00e9s promotors dels Pol\u00edgons Industrials i empreses.<\/p>\n<p>En la Junta de Govern del 2 de novembre de 2017 es va aprovar definitivament el projecte d\u2019operaci\u00f3 jur\u00eddica complement\u00e0ria de la reparcel\u00b7laci\u00f3 del pol\u00edgon d\u2019actuaci\u00f3 urban\u00edstica Les Planes, amb les rectificacions conseq\u00fc\u00e8ncia de les al\u00b7legacions estimades, per poder fer front al pagament d\u2019aquesta inversi\u00f3 d\u2019Endesa.<\/p>\n<p>&nbsp;<\/p>\n<p>&nbsp;<\/p>\n<p>&nbsp;<\/p>\n","protected":false},"excerpt":{"rendered":"<p>La Junta de Govern, reunida el passat dijous 1 de febrer, va aprovar l\u2019acord de liquidaci\u00f3 de les quotes d\u2019urbanitzaci\u00f3 provisionals pel pagament anticipat i fraccionat de les parcel\u00b7les incloses &hellip; <a href=\"https:\/\/bisbalpenedes.com\/web\/2018\/02\/06\/saprova-la-liquidacio-de-les-quotes-durbanitzacio-dels-poligons-per-augmentar-la-potencia-electrica\/\" class=\"more-link\">Read More<\/a><\/p>\n","protected":false},"author":4,"featured_media":4561,"comment_status":"closed","ping_status":"closed","sticky":false,"template":"","format":"standard","meta":[],"categories":[4],"tags":[442,334,200,905],"_links":{"self":[{"href":"https:\/\/bisbalpenedes.com\/web\/wp-json\/wp\/v2\/posts\/4560"}],"collection":[{"href":"https:\/\/bisbalpenedes.com\/web\/wp-json\/wp\/v2\/posts"}],"about":[{"href":"https:\/\/bisbalpenedes.com\/web\/wp-json\/wp\/v2\/types\/post"}],"author":[{"embeddable":true,"href":"https:\/\/bisbalpenedes.com\/web\/wp-json\/wp\/v2\/users\/4"}],"replies":[{"embeddable":true,"href":"https:\/\/bisbalpenedes.com\/web\/wp-json\/wp\/v2\/comments?post=4560"}],"version-history":[{"count":3,"href":"https:\/\/bisbalpenedes.com\/web\/wp-json\/wp\/v2\/posts\/4560\/revisions"}],"predecessor-version":[{"id":4564,"href":"https:\/\/bisbalpenedes.com\/web\/wp-json\/wp\/v2\/posts\/4560\/revisions\/4564"}],"wp:featuredmedia":[{"embeddable":true,"href":"https:\/\/bisbalpenedes.com\/web\/wp-json\/wp\/v2\/media\/4561"}],"wp:attachment":[{"href":"https:\/\/bisbalpenedes.com\/web\/wp-json\/wp\/v2\/media?parent=4560"}],"wp:term":[{"taxonomy":"category","embeddable":true,"href":"https:\/\/bisbalpenedes.com\/web\/wp-json\/wp\/v2\/categories?post=4560"},{"taxonomy":"post_tag","embeddable":true,"href":"https:\/\/bisbalpenedes.com\/web\/wp-json\/wp\/v2\/tags?post=4560"}],"curies":[{"name":"wp","href":"https:\/\/api.w.org\/{rel}","templated":true}]}}