{"id":4543,"date":"2018-02-05T20:58:29","date_gmt":"2018-02-05T19:58:29","guid":{"rendered":"http:\/\/bisbalpenedes.com\/web\/?p=4543"},"modified":"2018-02-06T09:11:52","modified_gmt":"2018-02-06T08:11:52","slug":"humana-ha-recuperat-gairebe-set-tones-de-roba-usada-a-la-bisbal-del-penedes-lany-2017","status":"publish","type":"post","link":"https:\/\/bisbalpenedes.com\/web\/2018\/02\/05\/humana-ha-recuperat-gairebe-set-tones-de-roba-usada-a-la-bisbal-del-penedes-lany-2017\/","title":{"rendered":"Humana ha recuperat gaireb\u00e9 set tones de roba usada a la Bisbal del Pened\u00e8s l\u2019any 2017"},"content":{"rendered":"<figure id=\"attachment_4545\" aria-describedby=\"caption-attachment-4545\" style=\"width: 300px\" class=\"wp-caption aligncenter\"><a href=\"http:\/\/bisbalpenedes.com\/web\/wp-content\/uploads\/2018\/02\/roba_Humana_classificacio_2017.jpg\"><img loading=\"lazy\" class=\"size-medium wp-image-4545\" src=\"http:\/\/bisbalpenedes.com\/web\/wp-content\/uploads\/2018\/02\/roba_Humana_classificacio_2017-300x227.jpg\" alt=\"DCIM100MEDIADJI_0370.JPG\" width=\"300\" height=\"227\" srcset=\"https:\/\/bisbalpenedes.com\/web\/wp-content\/uploads\/2018\/02\/roba_Humana_classificacio_2017-300x227.jpg 300w, https:\/\/bisbalpenedes.com\/web\/wp-content\/uploads\/2018\/02\/roba_Humana_classificacio_2017-600x454.jpg 600w, https:\/\/bisbalpenedes.com\/web\/wp-content\/uploads\/2018\/02\/roba_Humana_classificacio_2017.jpg 710w\" sizes=\"(max-width: 300px) 100vw, 300px\" \/><\/a><figcaption id=\"caption-attachment-4545\" class=\"wp-caption-text\">DCIM100MEDIADJI_0370.JPG<\/figcaption><\/figure>\n<p style=\"text-align: justify;\"><strong>A banda de participar en un projecte solidari que crea ocupaci\u00f3 i aporta recursos a projectes de cooperaci\u00f3 es calcula que s\u2019han estalviat 21,7 tones d\u2019emissions de CO2 a l\u2019atmosfera <\/strong><\/p>\n<p style=\"text-align: justify;\">Humana Fundaci\u00f3n Pueblo para Pueblo ha recuperat 6.872 Kg de t\u00e8xtil usat a la Bisbal del Pened\u00e8s l\u2019any 2017. Segons Humana aix\u00f2 representa un estalvi de 21,7 tones de CO2 a l\u2019atmosfera.<\/p>\n<p style=\"text-align: justify;\">En l\u2019actualitat a la Bisbal hi ha quatre contenidors d\u2019Humana on es diposita la roba, el cal\u00e7at, els complements i el t\u00e8xtil de la llar que ja no s\u2019utilitzen i als quals Humana d\u00f3na una segona vida. El servei de recollida del t\u00e8xtil \u00e9s gratu\u00eft i representa un estalvi important en les despeses de recollida i eliminaci\u00f3 dels residus s\u00f2lids urbans.<\/p>\n<p>L\u2019alcaldessa de la Bisbal, Agn\u00e8s Ferr\u00e9, considera que comptar amb els contenidors d\u2019Humana al municipi \u201c\u00e9s una manera d\u2019ajudar a una entitat que treballa pel benefici de la comunitat i pel medi ambient. A m\u00e9s, els bisbalencs i les bisbalenques estan molt conscienciats a l\u2019hora de donar una segona vida als residus t\u00e8xtils i aix\u00f2 ens anima a seguir confiant en aquest tipus de reciclatge\u201d.<\/p>\n<p style=\"text-align: justify;\">L\u2019objectiu de la Fundaci\u00f3 \u00e9s que la recollida selectiva de roba usada i la seva preparaci\u00f3 per a la reutilitzaci\u00f3 es consolidin com a part fonamental de la gesti\u00f3 de residus. \u00c0gata Soler-Roig, responsable de l\u2019\u00e0rea de Recollida d\u2019Humana a Catalunya, explica que \u201ccada vegada hi ha m\u00e9s inter\u00e8s per part de la ciutadania i de les administracions per reduir la quantitat de residus i allargar la vida de la roba que est\u00e0 en bon estat\u201d\u00a0 i aix\u00f2 permet destinar \u00a0\u201caquests recursos d\u2018una finalitat social, ja que la roba de qu\u00e8 ens desfem \u00e9s un actiu que, gestionat degudament, esdev\u00e9 motor de progr\u00e9s al territori i generador de fons per a la cooperaci\u00f3 al desenvolupament a l\u2019Hemisferi Sud\u201d.<\/p>\n<p style=\"text-align: justify;\">Humana Fundaci\u00f3n Pueblo para Pueblo, promou la protecci\u00f3 del medi ambient mitjan\u00e7ant la reutilitzaci\u00f3 del t\u00e8xtil, duu a terme programes de cooperaci\u00f3 a l\u2019\u00c0frica, Am\u00e8rica Llatina i l\u2019\u00c0sia, i tamb\u00e9 d\u2019ajuda local al territori m\u00e9s proper. En 31 anys de recollida selectiva (des del 1987) ha recuperat 294.344 tones de roba, l\u2019equivalent a omplir m\u00e9s de quatre vegades un gran estadi de futbol. La roba dipositada als contenidors d\u2019Humana t\u00e9 dues destinacions: al voltant del 60% es tracta a les plantes de preparaci\u00f3 per a la reutilitzaci\u00f3 de la Fundaci\u00f3 i la resta es ven a empreses de reutilitzaci\u00f3 i reciclatge. Les peces tractades tenen les seg\u00fcents destinacions:<\/p>\n<p style=\"padding-left: 60px; text-align: justify;\">-El 62% es prepara per a la reutilitzaci\u00f3: el 13% es destina a les botigues <em>secondhand <\/em>d\u2019Humana al pa\u00eds i el 49% s\u2019exporta, principalment a l\u2019\u00c0frica, on \u00e9s venuda a preus de mercat per a generar-hi recursos per a la cooperaci\u00f3 al desenvolupament.<\/p>\n<p style=\"padding-left: 60px; text-align: justify;\">-El 28% es troba en un estat que no en permet la reutilitzaci\u00f3 i es ven a empreses de reciclatge perqu\u00e8 elaborin altres productes (mantes, a\u00efllants o draps per a la ind\u00fastria de l\u2019automoci\u00f3).<\/p>\n<p style=\"padding-left: 60px; text-align: justify;\">-El 6% es destina a la valoritzaci\u00f3 energ\u00e8tica.<\/p>\n<p style=\"padding-left: 60px; text-align: justify;\">-El 4% s\u2019envia a un centre de tractament de residus per a disposici\u00f3 final, ja que s\u00f3n productes que no es poden reutilitzar, ni reciclar ni revaloritzar energ\u00e8ticament.<\/p>\n<p style=\"text-align: justify;\">Segons Humana, el residu t\u00e8xtil \u00e9s la cinquena fracci\u00f3 que m\u00e9s generen els catalans, despr\u00e9s dels envasos i pl\u00e0stics, el paper i el cartr\u00f3 i el vidre. A m\u00e9s presenta el percentatge de valoritzaci\u00f3 m\u00e9s alt (per sobre del 90%). No obstant aix\u00f2, nom\u00e9s una de cada deu peces de roba t\u00e9 una segona vida, a la resta no se li d\u00f3na un tractament apropiat, la qual cosa impossibilita el reaprofitament. \u00c9s per aix\u00f2 que des d\u2019Humana consideren que la conscienciaci\u00f3 ciutadana \u00e9s essencial.<\/p>\n<p style=\"text-align: justify;\">La gesti\u00f3 del residu t\u00e8xtil genera ocupaci\u00f3 verda i contribueix a l\u2019economia social, ja que fomenta la creaci\u00f3 de llocs de treball inclusius, estables i de qualitat. Humana compta amb una plantilla de 550 empleats que va en augment gr\u00e0cies a la generaci\u00f3 d\u2019un lloc de feina indefinida per cada 36.000 kg de t\u00e8xtil recollit. D\u2019altra banda tamb\u00e9 aporta recursos a projectes de cooperaci\u00f3 al desenvolupament. Despr\u00e9s de tres d\u00e8cades d\u2019activitat, 2,4 milions de persones s\u2019han vist involucrades en projectes de desenvolupament que Humana duu a terme als pa\u00efsos del Sud de la m\u00e0 dels socis locals. Segons fonts d\u2019Humana, s\u2019han destinat 30 milions d\u2019euros per a la formaci\u00f3 de professors de prim\u00e0ria, l\u2019impuls de l\u2019agricultura sostenible enfortint les capacitats de petits agricultors o de programes de lluita contra el VIH\/SIDA, entre altres accions de desenvolupament.<\/p>\n","protected":false},"excerpt":{"rendered":"<p>A banda de participar en un projecte solidari que crea ocupaci\u00f3 i aporta recursos a projectes de cooperaci\u00f3 es calcula que s\u2019han estalviat 21,7 tones d\u2019emissions de CO2 a l\u2019atmosfera &hellip; <a href=\"https:\/\/bisbalpenedes.com\/web\/2018\/02\/05\/humana-ha-recuperat-gairebe-set-tones-de-roba-usada-a-la-bisbal-del-penedes-lany-2017\/\" class=\"more-link\">Read More<\/a><\/p>\n","protected":false},"author":4,"featured_media":4545,"comment_status":"closed","ping_status":"closed","sticky":false,"template":"","format":"standard","meta":[],"categories":[4,1043],"tags":[1256,255,220,627,1182,1192,257,1258,373,1257],"_links":{"self":[{"href":"https:\/\/bisbalpenedes.com\/web\/wp-json\/wp\/v2\/posts\/4543"}],"collection":[{"href":"https:\/\/bisbalpenedes.com\/web\/wp-json\/wp\/v2\/posts"}],"about":[{"href":"https:\/\/bisbalpenedes.com\/web\/wp-json\/wp\/v2\/types\/post"}],"author":[{"embeddable":true,"href":"https:\/\/bisbalpenedes.com\/web\/wp-json\/wp\/v2\/users\/4"}],"replies":[{"embeddable":true,"href":"https:\/\/bisbalpenedes.com\/web\/wp-json\/wp\/v2\/comments?post=4543"}],"version-history":[{"count":5,"href":"https:\/\/bisbalpenedes.com\/web\/wp-json\/wp\/v2\/posts\/4543\/revisions"}],"predecessor-version":[{"id":4553,"href":"https:\/\/bisbalpenedes.com\/web\/wp-json\/wp\/v2\/posts\/4543\/revisions\/4553"}],"wp:featuredmedia":[{"embeddable":true,"href":"https:\/\/bisbalpenedes.com\/web\/wp-json\/wp\/v2\/media\/4545"}],"wp:attachment":[{"href":"https:\/\/bisbalpenedes.com\/web\/wp-json\/wp\/v2\/media?parent=4543"}],"wp:term":[{"taxonomy":"category","embeddable":true,"href":"https:\/\/bisbalpenedes.com\/web\/wp-json\/wp\/v2\/categories?post=4543"},{"taxonomy":"post_tag","embeddable":true,"href":"https:\/\/bisbalpenedes.com\/web\/wp-json\/wp\/v2\/tags?post=4543"}],"curies":[{"name":"wp","href":"https:\/\/api.w.org\/{rel}","templated":true}]}}