{"id":4511,"date":"2018-01-31T13:21:31","date_gmt":"2018-01-31T12:21:31","guid":{"rendered":"http:\/\/bisbalpenedes.com\/web\/?p=4511"},"modified":"2018-01-31T13:21:49","modified_gmt":"2018-01-31T12:21:49","slug":"primera-reunio-de-la-mesa-de-contractacio-del-servei-de-comunicacio-i-dinamitzacio-dels-perfils-de-xarxes-socials-de-lajuntament","status":"publish","type":"post","link":"https:\/\/bisbalpenedes.com\/web\/2018\/01\/31\/primera-reunio-de-la-mesa-de-contractacio-del-servei-de-comunicacio-i-dinamitzacio-dels-perfils-de-xarxes-socials-de-lajuntament\/","title":{"rendered":"Primera reuni\u00f3 de la mesa de contractaci\u00f3 del servei de comunicaci\u00f3 i dinamitzaci\u00f3 dels perfils de xarxes socials"},"content":{"rendered":"<p><a href=\"http:\/\/bisbalpenedes.com\/web\/wp-content\/uploads\/2018\/01\/pliques-1.jpg\"><img loading=\"lazy\" class=\"aligncenter size-medium wp-image-4512\" src=\"http:\/\/bisbalpenedes.com\/web\/wp-content\/uploads\/2018\/01\/pliques-1-300x225.jpg\" alt=\"pliques 1\" width=\"300\" height=\"225\" srcset=\"https:\/\/bisbalpenedes.com\/web\/wp-content\/uploads\/2018\/01\/pliques-1-300x225.jpg 300w, https:\/\/bisbalpenedes.com\/web\/wp-content\/uploads\/2018\/01\/pliques-1-600x450.jpg 600w, https:\/\/bisbalpenedes.com\/web\/wp-content\/uploads\/2018\/01\/pliques-1-768x576.jpg 768w, https:\/\/bisbalpenedes.com\/web\/wp-content\/uploads\/2018\/01\/pliques-1.jpg 960w\" sizes=\"(max-width: 300px) 100vw, 300px\" \/><\/a><\/p>\n<p>Aquest dimecres 31 de gener s&#8217;han obert els sobres \u201cA\u201d (documentaci\u00f3 administrativa) i \u201cC\u201d (documentaci\u00f3 la ponderaci\u00f3 de la qual dep\u00e8n d\u2019un judici de valor) dels 5 licitadors que han presentat proposta per als serveis de comunicaci\u00f3 i dinamitzaci\u00f3 dels perfils de xarxes socials de l\u2019Ajuntament.<\/p>\n<p>La mesa de contractaci\u00f3 es tornar\u00e0 a reunir el dimecres 7 de febrer a les 12h i, aleshores, s&#8217;obriran els sobres &#8220;B&#8221; (proposici\u00f3 econ\u00f2mica i documentaci\u00f3 quantificable de forma autom\u00e0tica).<\/p>\n","protected":false},"excerpt":{"rendered":"<p>Aquest dimecres 31 de gener s&#8217;han obert els sobres \u201cA\u201d (documentaci\u00f3 administrativa) i \u201cC\u201d (documentaci\u00f3 la ponderaci\u00f3 de la qual dep\u00e8n d\u2019un judici de valor) dels 5 licitadors que han &hellip; <a href=\"https:\/\/bisbalpenedes.com\/web\/2018\/01\/31\/primera-reunio-de-la-mesa-de-contractacio-del-servei-de-comunicacio-i-dinamitzacio-dels-perfils-de-xarxes-socials-de-lajuntament\/\" class=\"more-link\">Read More<\/a><\/p>\n","protected":false},"author":4,"featured_media":4513,"comment_status":"closed","ping_status":"closed","sticky":false,"template":"","format":"standard","meta":[],"categories":[4],"tags":[1237,317,576,397,999,487],"_links":{"self":[{"href":"https:\/\/bisbalpenedes.com\/web\/wp-json\/wp\/v2\/posts\/4511"}],"collection":[{"href":"https:\/\/bisbalpenedes.com\/web\/wp-json\/wp\/v2\/posts"}],"about":[{"href":"https:\/\/bisbalpenedes.com\/web\/wp-json\/wp\/v2\/types\/post"}],"author":[{"embeddable":true,"href":"https:\/\/bisbalpenedes.com\/web\/wp-json\/wp\/v2\/users\/4"}],"replies":[{"embeddable":true,"href":"https:\/\/bisbalpenedes.com\/web\/wp-json\/wp\/v2\/comments?post=4511"}],"version-history":[{"count":2,"href":"https:\/\/bisbalpenedes.com\/web\/wp-json\/wp\/v2\/posts\/4511\/revisions"}],"predecessor-version":[{"id":4515,"href":"https:\/\/bisbalpenedes.com\/web\/wp-json\/wp\/v2\/posts\/4511\/revisions\/4515"}],"wp:featuredmedia":[{"embeddable":true,"href":"https:\/\/bisbalpenedes.com\/web\/wp-json\/wp\/v2\/media\/4513"}],"wp:attachment":[{"href":"https:\/\/bisbalpenedes.com\/web\/wp-json\/wp\/v2\/media?parent=4511"}],"wp:term":[{"taxonomy":"category","embeddable":true,"href":"https:\/\/bisbalpenedes.com\/web\/wp-json\/wp\/v2\/categories?post=4511"},{"taxonomy":"post_tag","embeddable":true,"href":"https:\/\/bisbalpenedes.com\/web\/wp-json\/wp\/v2\/tags?post=4511"}],"curies":[{"name":"wp","href":"https:\/\/api.w.org\/{rel}","templated":true}]}}