{"id":4503,"date":"2018-01-31T11:41:24","date_gmt":"2018-01-31T10:41:24","guid":{"rendered":"http:\/\/bisbalpenedes.com\/web\/?p=4503"},"modified":"2018-01-31T11:41:24","modified_gmt":"2018-01-31T10:41:24","slug":"lajuntament-de-la-bisbal-obrira-properament-els-terminis-per-a-latorgament-de-subvencions-en-materia-docupacio","status":"publish","type":"post","link":"https:\/\/bisbalpenedes.com\/web\/2018\/01\/31\/lajuntament-de-la-bisbal-obrira-properament-els-terminis-per-a-latorgament-de-subvencions-en-materia-docupacio\/","title":{"rendered":"L\u2019Ajuntament de La Bisbal obrir\u00e0 properament els terminis per a l\u2019atorgament de subvencions en mat\u00e8ria d\u2019ocupaci\u00f3"},"content":{"rendered":"<p><strong>Es tracta d\u2019ajuts destinats a subvencionar empreses bisbalenques que contractin persones desocupades del municipi i subvencions per a nous \u00a0aut\u00f2noms<\/strong><\/p>\n<p>L\u2019Ajuntament de la Bisbal continua apostant pel foment de l\u2019ocupaci\u00f3 a trav\u00e9s del SOM Bisbal i la xarxa comarcal que ha creat recentment, amb la participaci\u00f3 en el programa de Garantia Juvenil, amb els convenis de col\u00b7laboraci\u00f3 social, amb els cursos ocupacionals i amb les subvencions en mat\u00e8ria d\u2019ocupaci\u00f3. Enguany s\u2019obrir\u00e0 de nou el termini per presentar sol\u00b7licituds per a aquestes subvencions. L\u2019Ajuntament informar\u00e0 a trav\u00e9s de la p\u00e0gina web (<a href=\"http:\/\/www.bisbalpenedes.com\">www.bisbalpenedes.com<\/a>), les xarxes socials (Facebook i Twitter) i el servei eBando cada vegada que s\u2019obri una convocat\u00f2ria per optar a les diferents subvencions.<\/p>\n<p><strong>SUBVENCIONS PER A EMPRESES<\/strong><\/p>\n<p>D\u2019una banda ofereix <strong>subvencions per a empreses<\/strong> \u2013societats i persones f\u00edsiques que realitzin activitats empresarials d\u2019ind\u00fastria, comer\u00e7 o serveis, o activitats agr\u00edcoles i ramaderes- que disposin d\u2019establiments empresarials radicats dins del terme municipal i contractin persones desocupades amb resid\u00e8ncia continuada al municipi.<\/p>\n<p>Per poder optar a la subvenci\u00f3 hi ha un requisit indispensable: que el nombre mitj\u00e0 de treballadors (que reuneixin les condicions establertes) l\u2019any 2017 creixi respecte del nombre mitj\u00e0 de treballadors l\u2019any 2016.<\/p>\n<p>El termini per sol\u00b7licitar aquesta subvenci\u00f3 s\u2019obrir\u00e0 durant el primer trimestre de 2018 (dates exactes encara per concretar) i l\u2019import de la subvenci\u00f3 ser\u00e0 de 1.825 euros per treballador\/any. La quantitat m\u00e0xima de subvenci\u00f3 per aquest concepte que podr\u00e0 obtenir una empresa ser\u00e0 de 18.250 euros per any.<\/p>\n<p><strong>SUBVENCIONS PER A AUT\u00d2NOMS<\/strong><\/p>\n<p>D\u2019altra banda, l\u2019Ajuntament de La Bisbal del Pened\u00e8s tamb\u00e9 ofereix <strong>subvencions per a les persones que s\u2019estableixin com a Aut\u00f2nomes<\/strong> per la posada en marxa d\u2019una activitat econ\u00f2mica. Es podran acollir a la subvenci\u00f3 totes aquelles persones emprenedores que durant l\u2019exercici 2017 hagin iniciat una activitat econ\u00f2mica a t\u00edtol individual o societat i que hagin causat alta en el r\u00e8gim especial de la Seguretat Social de treballadors aut\u00f2noms.<\/p>\n<p>Les despeses que se subvencionen en aquest cas s\u00f3n les seg\u00fcents:<\/p>\n<p>-Pagaments de quotes de la Seguretat Social del primer any d\u2019enquadrament de la persona sol\u00b7licitant.<\/p>\n<p>-Despeses de tramitaci\u00f3 de les altes de l\u2019activitat.<\/p>\n<p>-Despeses associades a locals del primer any d\u2019activitat.<\/p>\n<p>-Les despeses associades a tot tipus de tributs i preus p\u00fablics necessaris per a la posada en marxa de l\u2019activitat.<\/p>\n<p>L\u2019import m\u00e0xim a subvencionar \u00e9s de 2,800\u20ac per persona i aquesta subvenci\u00f3 es podr\u00e0 demanar durant l\u2019any 2018 (l\u2019Ajuntament publicar\u00e0 als mitjans expressats a l\u2019inici d\u2019aquesta nota, quan es podran presentar sol\u00b7licituds).<\/p>\n<p>&nbsp;<\/p>\n<p>&nbsp;<\/p>\n<p>&nbsp;<\/p>\n","protected":false},"excerpt":{"rendered":"<p>Es tracta d\u2019ajuts destinats a subvencionar empreses bisbalenques que contractin persones desocupades del municipi i subvencions per a nous \u00a0aut\u00f2noms L\u2019Ajuntament de la Bisbal continua apostant pel foment de l\u2019ocupaci\u00f3 &hellip; <a href=\"https:\/\/bisbalpenedes.com\/web\/2018\/01\/31\/lajuntament-de-la-bisbal-obrira-properament-els-terminis-per-a-latorgament-de-subvencions-en-materia-docupacio\/\" class=\"more-link\">Read More<\/a><\/p>\n","protected":false},"author":4,"featured_media":4504,"comment_status":"closed","ping_status":"closed","sticky":false,"template":"","format":"standard","meta":[],"categories":[4],"tags":[259,163,1148,326,10,1232,102],"_links":{"self":[{"href":"https:\/\/bisbalpenedes.com\/web\/wp-json\/wp\/v2\/posts\/4503"}],"collection":[{"href":"https:\/\/bisbalpenedes.com\/web\/wp-json\/wp\/v2\/posts"}],"about":[{"href":"https:\/\/bisbalpenedes.com\/web\/wp-json\/wp\/v2\/types\/post"}],"author":[{"embeddable":true,"href":"https:\/\/bisbalpenedes.com\/web\/wp-json\/wp\/v2\/users\/4"}],"replies":[{"embeddable":true,"href":"https:\/\/bisbalpenedes.com\/web\/wp-json\/wp\/v2\/comments?post=4503"}],"version-history":[{"count":1,"href":"https:\/\/bisbalpenedes.com\/web\/wp-json\/wp\/v2\/posts\/4503\/revisions"}],"predecessor-version":[{"id":4505,"href":"https:\/\/bisbalpenedes.com\/web\/wp-json\/wp\/v2\/posts\/4503\/revisions\/4505"}],"wp:featuredmedia":[{"embeddable":true,"href":"https:\/\/bisbalpenedes.com\/web\/wp-json\/wp\/v2\/media\/4504"}],"wp:attachment":[{"href":"https:\/\/bisbalpenedes.com\/web\/wp-json\/wp\/v2\/media?parent=4503"}],"wp:term":[{"taxonomy":"category","embeddable":true,"href":"https:\/\/bisbalpenedes.com\/web\/wp-json\/wp\/v2\/categories?post=4503"},{"taxonomy":"post_tag","embeddable":true,"href":"https:\/\/bisbalpenedes.com\/web\/wp-json\/wp\/v2\/tags?post=4503"}],"curies":[{"name":"wp","href":"https:\/\/api.w.org\/{rel}","templated":true}]}}