{"id":4498,"date":"2018-01-31T11:21:14","date_gmt":"2018-01-31T10:21:14","guid":{"rendered":"http:\/\/bisbalpenedes.com\/web\/?p=4498"},"modified":"2018-01-31T11:21:14","modified_gmt":"2018-01-31T10:21:14","slug":"els-nens-i-les-nenes-de-4rt-de-primaria-de-lescola-ull-de-vent-fan-un-taller-de-sardanes","status":"publish","type":"post","link":"https:\/\/bisbalpenedes.com\/web\/2018\/01\/31\/els-nens-i-les-nenes-de-4rt-de-primaria-de-lescola-ull-de-vent-fan-un-taller-de-sardanes\/","title":{"rendered":"Els nens i les nenes de 4rt de prim\u00e0ria de l&#8217;Escola Ull de Vent fan un taller de sardanes"},"content":{"rendered":"<p><a href=\"http:\/\/bisbalpenedes.com\/web\/wp-content\/uploads\/2018\/01\/GRAN-SARDANA-CEDIDA.jpg\"><img loading=\"lazy\" class=\"aligncenter size-large wp-image-4499\" src=\"http:\/\/bisbalpenedes.com\/web\/wp-content\/uploads\/2018\/01\/GRAN-SARDANA-CEDIDA-1024x683.jpg\" alt=\"GRAN SARDANA-CEDIDA\" width=\"630\" height=\"420\" srcset=\"https:\/\/bisbalpenedes.com\/web\/wp-content\/uploads\/2018\/01\/GRAN-SARDANA-CEDIDA-1024x683.jpg 1024w, https:\/\/bisbalpenedes.com\/web\/wp-content\/uploads\/2018\/01\/GRAN-SARDANA-CEDIDA-600x400.jpg 600w, https:\/\/bisbalpenedes.com\/web\/wp-content\/uploads\/2018\/01\/GRAN-SARDANA-CEDIDA-300x200.jpg 300w, https:\/\/bisbalpenedes.com\/web\/wp-content\/uploads\/2018\/01\/GRAN-SARDANA-CEDIDA-768x512.jpg 768w\" sizes=\"(max-width: 630px) 100vw, 630px\" \/><\/a><\/p>\n<p>Aquest dimarts 30 de gener els nens i nenes de 4rt curs de l\u2019Escola Ull de Vent han comen\u00e7at un taller de sardanes organitzat per la Lira Vendrellenca amb el suport de l\u2019Ajuntament de la Bisbal. L\u2019activitat s\u2019inclou en la Programaci\u00f3 General Anual del centre i es realitzar\u00e0 en 10 sessions que combinaran la teoria i la pr\u00e0ctica, dins les \u00e0rees d\u2019Educaci\u00f3 F\u00edsica i M\u00fasica, fins al mes d\u2019abril. Es tracta d\u2019una activitat que es va dura a terme el curs passat i que va tenir molt bona acceptaci\u00f3 i valoraci\u00f3 per part de mestres i alumnes.<\/p>\n","protected":false},"excerpt":{"rendered":"<p>Aquest dimarts 30 de gener els nens i nenes de 4rt curs de l\u2019Escola Ull de Vent han comen\u00e7at un taller de sardanes organitzat per la Lira Vendrellenca amb el &hellip; <a href=\"https:\/\/bisbalpenedes.com\/web\/2018\/01\/31\/els-nens-i-les-nenes-de-4rt-de-primaria-de-lescola-ull-de-vent-fan-un-taller-de-sardanes\/\" class=\"more-link\">Read More<\/a><\/p>\n","protected":false},"author":4,"featured_media":4499,"comment_status":"closed","ping_status":"closed","sticky":false,"template":"","format":"standard","meta":[],"categories":[16],"tags":[65,318,1229,1231,85,1230,222],"_links":{"self":[{"href":"https:\/\/bisbalpenedes.com\/web\/wp-json\/wp\/v2\/posts\/4498"}],"collection":[{"href":"https:\/\/bisbalpenedes.com\/web\/wp-json\/wp\/v2\/posts"}],"about":[{"href":"https:\/\/bisbalpenedes.com\/web\/wp-json\/wp\/v2\/types\/post"}],"author":[{"embeddable":true,"href":"https:\/\/bisbalpenedes.com\/web\/wp-json\/wp\/v2\/users\/4"}],"replies":[{"embeddable":true,"href":"https:\/\/bisbalpenedes.com\/web\/wp-json\/wp\/v2\/comments?post=4498"}],"version-history":[{"count":1,"href":"https:\/\/bisbalpenedes.com\/web\/wp-json\/wp\/v2\/posts\/4498\/revisions"}],"predecessor-version":[{"id":4500,"href":"https:\/\/bisbalpenedes.com\/web\/wp-json\/wp\/v2\/posts\/4498\/revisions\/4500"}],"wp:featuredmedia":[{"embeddable":true,"href":"https:\/\/bisbalpenedes.com\/web\/wp-json\/wp\/v2\/media\/4499"}],"wp:attachment":[{"href":"https:\/\/bisbalpenedes.com\/web\/wp-json\/wp\/v2\/media?parent=4498"}],"wp:term":[{"taxonomy":"category","embeddable":true,"href":"https:\/\/bisbalpenedes.com\/web\/wp-json\/wp\/v2\/categories?post=4498"},{"taxonomy":"post_tag","embeddable":true,"href":"https:\/\/bisbalpenedes.com\/web\/wp-json\/wp\/v2\/tags?post=4498"}],"curies":[{"name":"wp","href":"https:\/\/api.w.org\/{rel}","templated":true}]}}