{"id":4494,"date":"2018-01-30T21:24:42","date_gmt":"2018-01-30T20:24:42","guid":{"rendered":"http:\/\/bisbalpenedes.com\/web\/?p=4494"},"modified":"2018-01-30T21:24:42","modified_gmt":"2018-01-30T20:24:42","slug":"lajuntament-de-la-bisbal-ha-creat-una-subvencio-per-a-la-rehabilitacio-i-neteja-de-facanes-i-per-al-tancament-de-solars","status":"publish","type":"post","link":"https:\/\/bisbalpenedes.com\/web\/2018\/01\/30\/lajuntament-de-la-bisbal-ha-creat-una-subvencio-per-a-la-rehabilitacio-i-neteja-de-facanes-i-per-al-tancament-de-solars\/","title":{"rendered":"L\u2019Ajuntament de la Bisbal ha creat una subvenci\u00f3 per a la rehabilitaci\u00f3 i neteja de fa\u00e7anes i per al tancament de solars"},"content":{"rendered":"<p>&nbsp;<\/p>\n<p>Durant l\u2019any 2018 els ve\u00efns i ve\u00efnes de La Bisbal que realitzin<strong> obres de rehabilitaci\u00f3 i neteja de fa\u00e7anes aix\u00ed com el tancament de solars urbans del terme municipal,<\/strong> podran beneficiar-se d\u2019un ajut econ\u00f2mic. Es tracta d\u2019una subvenci\u00f3 per a totes aquelles actuacions que millorin l\u2019est\u00e8tica i seguretat dels elements estructurals i ornamentals que conformen les fa\u00e7anes.<\/p>\n<p>S\u2019ha d\u2019entendre com a fa\u00e7ana subvencionable tot aquell parament exterior d\u2019un edifici, visible des de la via p\u00fablica, incloses les parets mitgeres que de manera for\u00e7osa i permanent hagin de quedar al descobert.<\/p>\n<p>S\u2019entendr\u00e0 per solar urb\u00e0 el terreny situat dins del teixit urb\u00e0 que compleixi amb els requisits d\u2019edificabilitat establerts en la legislaci\u00f3 vigent del municipi.<\/p>\n<p>L\u2019import m\u00e0xim a subvencionar ser\u00e0 fins a un 40% del cost de l\u2019obra a realitzar, amb un m\u00e0xim de 600 euros per actuaci\u00f3 o obra. Es tracta d\u2019una ajuda destinada a obres per les quals s\u2019hagi obtingut la preceptiva llic\u00e8ncia municipal entre l\u20191 de desembre de 2017 i el 30 de novembre de 2018. L\u2019Ajuntament informar\u00e0 (a trav\u00e9s de les vies habituals: web municipal, eBando, Facebook i Twitter) del moment en qu\u00e8 s\u2019obri la convocat\u00f2ria per demanar la subvenci\u00f3.<\/p>\n<p>Per a m\u00e9s informaci\u00f3 sobre condicions, requisits dels sol\u00b7licitants i altres obligacions, es poden consultar les corresponents ordenances reguladores al portal web de l\u2019Ajuntament de la Bisbal del Pened\u00e8s (<a href=\"http:\/\/www.bisbalpenedes.com\">www.bisbalpenedes.com<\/a>) o tamb\u00e9 es pot fer la consulta de forma f\u00edsica, a l\u2019Ajuntament.<\/p>\n<p>L\u2019Ajuntament destinar\u00e0 enguany 10.000\u20ac del pressupost a aquesta subvenci\u00f3.<\/p>\n","protected":false},"excerpt":{"rendered":"<p>&nbsp; Durant l\u2019any 2018 els ve\u00efns i ve\u00efnes de La Bisbal que realitzin obres de rehabilitaci\u00f3 i neteja de fa\u00e7anes aix\u00ed com el tancament de solars urbans del terme municipal, &hellip; <a href=\"https:\/\/bisbalpenedes.com\/web\/2018\/01\/30\/lajuntament-de-la-bisbal-ha-creat-una-subvencio-per-a-la-rehabilitacio-i-neteja-de-facanes-i-per-al-tancament-de-solars\/\" class=\"more-link\">Read More<\/a><\/p>\n","protected":false},"author":4,"featured_media":4496,"comment_status":"closed","ping_status":"closed","sticky":false,"template":"","format":"standard","meta":[],"categories":[4],"tags":[1228,532,1226,1225,1227,99,102,1224],"_links":{"self":[{"href":"https:\/\/bisbalpenedes.com\/web\/wp-json\/wp\/v2\/posts\/4494"}],"collection":[{"href":"https:\/\/bisbalpenedes.com\/web\/wp-json\/wp\/v2\/posts"}],"about":[{"href":"https:\/\/bisbalpenedes.com\/web\/wp-json\/wp\/v2\/types\/post"}],"author":[{"embeddable":true,"href":"https:\/\/bisbalpenedes.com\/web\/wp-json\/wp\/v2\/users\/4"}],"replies":[{"embeddable":true,"href":"https:\/\/bisbalpenedes.com\/web\/wp-json\/wp\/v2\/comments?post=4494"}],"version-history":[{"count":1,"href":"https:\/\/bisbalpenedes.com\/web\/wp-json\/wp\/v2\/posts\/4494\/revisions"}],"predecessor-version":[{"id":4497,"href":"https:\/\/bisbalpenedes.com\/web\/wp-json\/wp\/v2\/posts\/4494\/revisions\/4497"}],"wp:featuredmedia":[{"embeddable":true,"href":"https:\/\/bisbalpenedes.com\/web\/wp-json\/wp\/v2\/media\/4496"}],"wp:attachment":[{"href":"https:\/\/bisbalpenedes.com\/web\/wp-json\/wp\/v2\/media?parent=4494"}],"wp:term":[{"taxonomy":"category","embeddable":true,"href":"https:\/\/bisbalpenedes.com\/web\/wp-json\/wp\/v2\/categories?post=4494"},{"taxonomy":"post_tag","embeddable":true,"href":"https:\/\/bisbalpenedes.com\/web\/wp-json\/wp\/v2\/tags?post=4494"}],"curies":[{"name":"wp","href":"https:\/\/api.w.org\/{rel}","templated":true}]}}