{"id":4479,"date":"2018-01-26T19:41:24","date_gmt":"2018-01-26T18:41:24","guid":{"rendered":"http:\/\/bisbalpenedes.com\/web\/?p=4479"},"modified":"2018-01-27T12:04:06","modified_gmt":"2018-01-27T11:04:06","slug":"la-regidoria-de-benestar-social-informa-sobre-el-bonus-social-dendesa-per-a-families-vulnerables","status":"publish","type":"post","link":"https:\/\/bisbalpenedes.com\/web\/2018\/01\/26\/la-regidoria-de-benestar-social-informa-sobre-el-bonus-social-dendesa-per-a-families-vulnerables\/","title":{"rendered":"La Regidoria de Benestar social informa sobre el &#8216;Bonus Social&#8217; d&#8217;Endesa per a fam\u00edlies vulnerables"},"content":{"rendered":"<p>La Regidoria de Benestar Social informa els ve\u00efns de la Bisbal que Endesa ofereix el \u201cBonus Social\u201d, un descompte en la factura de la llum que pret\u00e9n protegir les llars considerades vulnerables. Per beneficiar-vos del Bonus Social cal que tingueu la tarifa el\u00e8ctrica PVPC (amb o sense discriminaci\u00f3 hor\u00e0ria) i una pot\u00e8ncia igual o inferior a 10kW a la vostra resid\u00e8ncia habitual. A m\u00e9s, haureu de complir els requisits per ser considerat client vulnerable (descompte en la factura del 25%), client vulnerable sever (descompte en la factura del 40%) o client vulnerable sever en risc d\u2019exclusi\u00f3 social (clients vulnerables severs que estan sent atesos pels serveis socials d\u2019una Administraci\u00f3 auton\u00f2mica o local que financi\u00ef al menys el 50% de l\u2019import de la factura).<\/p>\n<p>Els descomptes del 25% i el 40% del total de la factura estan subjectes a un l\u00edmit en el consum d\u2019energia (si se supera, s\u2019aplicaria la tarifa PVPC sense descompte)<\/p>\n<ul>\n<li>Pensionistes: 16.80 kWh d\u2019electricitat consumida a l\u2019any<\/li>\n<li>Fam\u00edlies nombroses: 3.600 kWh\/any<\/li>\n<li>Consumidors sense menors a c\u00e0rrec: 1.200 kWh\/any<\/li>\n<li>Consumidors amb un menor a c\u00e0rrec: 1.680 kWh\/any<\/li>\n<li>Consumidors amb dos menors a c\u00e0rrec: 2.040 kWh\/any<\/li>\n<\/ul>\n<p>Trobareu tota la informaci\u00f3 sobre la documentaci\u00f3 a aportar al seg\u00fcent enlla\u00e7: <a href=\"https:\/\/www.endesaclientes.com\/bono-social.html\">https:\/\/www.endesaclientes.com\/bono-social.html<\/a>.<\/p>\n<p>Les sol\u00b7licituds les podeu entregar per a l\u2019enlla\u00e7 anterior, per correu electr\u00f2nic a <a href=\"mailto:bonosocial@endesa.es\">bonosocial@endesa.es<\/a>, a l\u2019Apartat de Correus 1167 &#8211; 41080 Sevilla o a les oficines comercials i punts de servei d\u2019Endesa.<\/p>\n<p>Important: Segons informa el web d\u2019Endesa, els antics beneficiaris del Bonus Social disposen fins al dia 10 d\u2019abril de 2018 per poder sol\u00b7licitar l\u2019aplicaci\u00f3 del nou Bonus Social i, arribada aquesta data, els beneficiaris del Bonus Social que no hagin sol\u00b7licitat el nou Bonus Social, perdrien aquest benefici.<\/p>\n<p>&nbsp;<\/p>\n","protected":false},"excerpt":{"rendered":"<p>La Regidoria de Benestar Social informa els ve\u00efns de la Bisbal que Endesa ofereix el \u201cBonus Social\u201d, un descompte en la factura de la llum que pret\u00e9n protegir les llars &hellip; <a href=\"https:\/\/bisbalpenedes.com\/web\/2018\/01\/26\/la-regidoria-de-benestar-social-informa-sobre-el-bonus-social-dendesa-per-a-families-vulnerables\/\" class=\"more-link\">Read More<\/a><\/p>\n","protected":false},"author":4,"featured_media":4484,"comment_status":"closed","ping_status":"closed","sticky":false,"template":"","format":"standard","meta":[],"categories":[975,8],"tags":[],"_links":{"self":[{"href":"https:\/\/bisbalpenedes.com\/web\/wp-json\/wp\/v2\/posts\/4479"}],"collection":[{"href":"https:\/\/bisbalpenedes.com\/web\/wp-json\/wp\/v2\/posts"}],"about":[{"href":"https:\/\/bisbalpenedes.com\/web\/wp-json\/wp\/v2\/types\/post"}],"author":[{"embeddable":true,"href":"https:\/\/bisbalpenedes.com\/web\/wp-json\/wp\/v2\/users\/4"}],"replies":[{"embeddable":true,"href":"https:\/\/bisbalpenedes.com\/web\/wp-json\/wp\/v2\/comments?post=4479"}],"version-history":[{"count":1,"href":"https:\/\/bisbalpenedes.com\/web\/wp-json\/wp\/v2\/posts\/4479\/revisions"}],"predecessor-version":[{"id":4482,"href":"https:\/\/bisbalpenedes.com\/web\/wp-json\/wp\/v2\/posts\/4479\/revisions\/4482"}],"wp:featuredmedia":[{"embeddable":true,"href":"https:\/\/bisbalpenedes.com\/web\/wp-json\/wp\/v2\/media\/4484"}],"wp:attachment":[{"href":"https:\/\/bisbalpenedes.com\/web\/wp-json\/wp\/v2\/media?parent=4479"}],"wp:term":[{"taxonomy":"category","embeddable":true,"href":"https:\/\/bisbalpenedes.com\/web\/wp-json\/wp\/v2\/categories?post=4479"},{"taxonomy":"post_tag","embeddable":true,"href":"https:\/\/bisbalpenedes.com\/web\/wp-json\/wp\/v2\/tags?post=4479"}],"curies":[{"name":"wp","href":"https:\/\/api.w.org\/{rel}","templated":true}]}}