{"id":4477,"date":"2018-01-25T20:11:47","date_gmt":"2018-01-25T19:11:47","guid":{"rendered":"http:\/\/bisbalpenedes.com\/web\/?p=4477"},"modified":"2018-01-25T20:11:47","modified_gmt":"2018-01-25T19:11:47","slug":"la-regidoria-de-benestar-social-informa-que-la-tarifa-social-de-laigua-es-una-realitat-a-la-bisbal","status":"publish","type":"post","link":"https:\/\/bisbalpenedes.com\/web\/2018\/01\/25\/la-regidoria-de-benestar-social-informa-que-la-tarifa-social-de-laigua-es-una-realitat-a-la-bisbal\/","title":{"rendered":"La Regidoria de Benestar Social informa que la tarifa social de l\u2019aigua \u00e9s una realitat a la Bisbal"},"content":{"rendered":"<p style=\"line-height: 14.25pt; background: white;\"><span style=\"font-size: 10.0pt; font-family: 'Arial','sans-serif';\">L\u2019Ajuntament de la Bisbal va fer un primer pas per rebaixar el rebut de l\u2019aigua al ple del 3 d\u2019agost de 2016, quan es va aprovar la tarifa social de l\u2019aigua (que s\u2019havia eliminat), incloent-hi una tarifa de fuites, canviant els blocs de consum d\u2019aigua (adequant-los als de l\u2019ACA), incrementant les tarifes d\u2019aigua de manera que qui m\u00e9s consumeix \u00e9s qui m\u00e9s paga i rebaixant les quotes fixes pels empadronats. A m\u00e9s, el passat mes de juliol l\u2019Ajuntament va aconseguir una rebaixa en la quota de servei, la quota de conservaci\u00f3 d\u2019infraestructures i la quota de conservaci\u00f3 de comptadors.<\/span><\/p>\n<p style=\"line-height: 14.25pt; background: white;\"><span style=\"font-size: 10.0pt; font-family: 'Arial','sans-serif';\">Quant a la tarifa social de l\u2019aigua, aquesta va entrar en vigor el juliol de 2017 (quan la Comissi\u00f3 de Preus de la Generalitat va donar el vistiplau) i permet una rebaixa d\u2019entre un 41% i n 55% del rebut final. Per obtenir aquesta rebaixa cal que l\u2019habitatge sigui una primera resid\u00e8ncia i que pr\u00e8viament s\u2019hagi demanat a l\u2019ACA el c\u00e0non social. Una vegada fet aquest pas, Aqualia aplica directament la rebaixa. En cas que no sigui aix\u00ed, cal que l\u2019usuari s\u2019adreci a Aqualia comprovar si hi ha alguna incid\u00e8ncia en la tarifa de la tarifa social. La Regidora de Benestar Social, Maguy Antol\u00edn, afirma que \u201cs\u2019ha lluitat molt per aconseguir aquesta tarifa\u201d i poder ajudar a les persones m\u00e9s necessitades. A m\u00e9s, ha explicat que pensa que \u201c\u00e9s de just\u00edcia social que una persona que viu sola no hagi de pagar una penalitzaci\u00f3 i pugui obtenir una rebaixa en el rebut de l\u2019aigua i aix\u00f2 s\u2019ha aconseguit gr\u00e0cies a la modificaci\u00f3 de les tarifes que es va fer el passat mes de juliol\u201d.<\/span><\/p>\n<p style=\"line-height: 14.25pt; background: white;\"><a href=\"http:\/\/bisbalpenedes.com\/web\/wp-content\/uploads\/2017\/07\/FullSizeRender-24.jpg\"><img loading=\"lazy\" class=\"aligncenter size-full wp-image-2902\" src=\"http:\/\/bisbalpenedes.com\/web\/wp-content\/uploads\/2017\/07\/FullSizeRender-24.jpg\" alt=\"quotes aigua tarifes 2017\" width=\"797\" height=\"704\" srcset=\"https:\/\/bisbalpenedes.com\/web\/wp-content\/uploads\/2017\/07\/FullSizeRender-24.jpg 797w, https:\/\/bisbalpenedes.com\/web\/wp-content\/uploads\/2017\/07\/FullSizeRender-24-600x530.jpg 600w, https:\/\/bisbalpenedes.com\/web\/wp-content\/uploads\/2017\/07\/FullSizeRender-24-300x264.jpg 300w\" sizes=\"(max-width: 797px) 100vw, 797px\" \/><\/a><\/p>\n","protected":false},"excerpt":{"rendered":"<p>L\u2019Ajuntament de la Bisbal va fer un primer pas per rebaixar el rebut de l\u2019aigua al ple del 3 d\u2019agost de 2016, quan es va aprovar la tarifa social de &hellip; <a href=\"https:\/\/bisbalpenedes.com\/web\/2018\/01\/25\/la-regidoria-de-benestar-social-informa-que-la-tarifa-social-de-laigua-es-una-realitat-a-la-bisbal\/\" class=\"more-link\">Read More<\/a><\/p>\n","protected":false},"author":4,"featured_media":2902,"comment_status":"closed","ping_status":"closed","sticky":false,"template":"","format":"standard","meta":[],"categories":[975],"tags":[768,161,315,1223,762,648,647],"_links":{"self":[{"href":"https:\/\/bisbalpenedes.com\/web\/wp-json\/wp\/v2\/posts\/4477"}],"collection":[{"href":"https:\/\/bisbalpenedes.com\/web\/wp-json\/wp\/v2\/posts"}],"about":[{"href":"https:\/\/bisbalpenedes.com\/web\/wp-json\/wp\/v2\/types\/post"}],"author":[{"embeddable":true,"href":"https:\/\/bisbalpenedes.com\/web\/wp-json\/wp\/v2\/users\/4"}],"replies":[{"embeddable":true,"href":"https:\/\/bisbalpenedes.com\/web\/wp-json\/wp\/v2\/comments?post=4477"}],"version-history":[{"count":1,"href":"https:\/\/bisbalpenedes.com\/web\/wp-json\/wp\/v2\/posts\/4477\/revisions"}],"predecessor-version":[{"id":4478,"href":"https:\/\/bisbalpenedes.com\/web\/wp-json\/wp\/v2\/posts\/4477\/revisions\/4478"}],"wp:featuredmedia":[{"embeddable":true,"href":"https:\/\/bisbalpenedes.com\/web\/wp-json\/wp\/v2\/media\/2902"}],"wp:attachment":[{"href":"https:\/\/bisbalpenedes.com\/web\/wp-json\/wp\/v2\/media?parent=4477"}],"wp:term":[{"taxonomy":"category","embeddable":true,"href":"https:\/\/bisbalpenedes.com\/web\/wp-json\/wp\/v2\/categories?post=4477"},{"taxonomy":"post_tag","embeddable":true,"href":"https:\/\/bisbalpenedes.com\/web\/wp-json\/wp\/v2\/tags?post=4477"}],"curies":[{"name":"wp","href":"https:\/\/api.w.org\/{rel}","templated":true}]}}