{"id":4461,"date":"2018-01-24T14:22:21","date_gmt":"2018-01-24T13:22:21","guid":{"rendered":"http:\/\/bisbalpenedes.com\/web\/?p=4461"},"modified":"2018-01-24T14:22:21","modified_gmt":"2018-01-24T13:22:21","slug":"la-biblioteca-publica-participa-en-la-campanya-de-recollida-de-material-escolar-per-als-nens-saharauis","status":"publish","type":"post","link":"https:\/\/bisbalpenedes.com\/web\/2018\/01\/24\/la-biblioteca-publica-participa-en-la-campanya-de-recollida-de-material-escolar-per-als-nens-saharauis\/","title":{"rendered":"La Biblioteca P\u00fablica participa en la campanya de recollida de material escolar per als nens saharau\u00eds"},"content":{"rendered":"<p><a href=\"http:\/\/bisbalpenedes.com\/web\/wp-content\/uploads\/2018\/01\/dibuixa-un-somriure.jpg\"><img loading=\"lazy\" class=\"aligncenter size-large wp-image-4462\" src=\"http:\/\/bisbalpenedes.com\/web\/wp-content\/uploads\/2018\/01\/dibuixa-un-somriure-1024x682.jpg\" alt=\"dibuixa un somriure\" width=\"630\" height=\"420\" srcset=\"https:\/\/bisbalpenedes.com\/web\/wp-content\/uploads\/2018\/01\/dibuixa-un-somriure-1024x682.jpg 1024w, https:\/\/bisbalpenedes.com\/web\/wp-content\/uploads\/2018\/01\/dibuixa-un-somriure-600x400.jpg 600w, https:\/\/bisbalpenedes.com\/web\/wp-content\/uploads\/2018\/01\/dibuixa-un-somriure-300x200.jpg 300w, https:\/\/bisbalpenedes.com\/web\/wp-content\/uploads\/2018\/01\/dibuixa-un-somriure-768x512.jpg 768w, https:\/\/bisbalpenedes.com\/web\/wp-content\/uploads\/2018\/01\/dibuixa-un-somriure.jpg 1600w\" sizes=\"(max-width: 630px) 100vw, 630px\" \/><\/a><\/p>\n<p>La Biblioteca P\u00fablica de la Bisbal del Pened\u00e8s recull material escolar en el marc de la campanya &#8220;Dibuixa un somriure!&#8221; fins al dia 1 de mar\u00e7. Aquest material ser\u00e0 entregat a nens saharau\u00eds a finals del proper\u00a0 mes de mar\u00e7, quan un col\u00b7lectiu d&#8217;estudiants d&#8217;infermeria i educaci\u00f3 infantil de la URV viatjaran als campaments de refugiats de Dajla. Una vegada all\u00e0, a m\u00e9s d&#8217;entregar el material, treballaran conjuntament amb professionals de les llars d&#8217;infants, les escoles i l&#8217;hospital del campament.<\/p>\n<p>El material que es recull des de la Biblioteca P\u00fablica de la Bisbal \u00e9s el seg\u00fcent:<\/p>\n<p style=\"padding-left: 30px;\">&#8211; Llapis<br \/>\n&#8211; Gomes<br \/>\n&#8211; Bol\u00edgrafs esborrables<br \/>\n&#8211; Maquinetes<br \/>\n&#8211; Colors de fusta<br \/>\n&#8211; Guixos<br \/>\n&#8211; Fulls DIN-A4<\/p>\n<p>El divendres 2 de mar\u00e7 es dur\u00e0 a terme una recollida de material arreu de la comarca per part de Baix Pened\u00e8s amb el S\u00e0hara.<\/p>\n<p style=\"padding-left: 30px;\">\n","protected":false},"excerpt":{"rendered":"<p>La Biblioteca P\u00fablica de la Bisbal del Pened\u00e8s recull material escolar en el marc de la campanya &#8220;Dibuixa un somriure!&#8221; fins al dia 1 de mar\u00e7. Aquest material ser\u00e0 entregat &hellip; <a href=\"https:\/\/bisbalpenedes.com\/web\/2018\/01\/24\/la-biblioteca-publica-participa-en-la-campanya-de-recollida-de-material-escolar-per-als-nens-saharauis\/\" class=\"more-link\">Read More<\/a><\/p>\n","protected":false},"author":4,"featured_media":4462,"comment_status":"closed","ping_status":"closed","sticky":false,"template":"","format":"standard","meta":[],"categories":[13,4],"tags":[1212,181,373,1213,1214,1215],"_links":{"self":[{"href":"https:\/\/bisbalpenedes.com\/web\/wp-json\/wp\/v2\/posts\/4461"}],"collection":[{"href":"https:\/\/bisbalpenedes.com\/web\/wp-json\/wp\/v2\/posts"}],"about":[{"href":"https:\/\/bisbalpenedes.com\/web\/wp-json\/wp\/v2\/types\/post"}],"author":[{"embeddable":true,"href":"https:\/\/bisbalpenedes.com\/web\/wp-json\/wp\/v2\/users\/4"}],"replies":[{"embeddable":true,"href":"https:\/\/bisbalpenedes.com\/web\/wp-json\/wp\/v2\/comments?post=4461"}],"version-history":[{"count":1,"href":"https:\/\/bisbalpenedes.com\/web\/wp-json\/wp\/v2\/posts\/4461\/revisions"}],"predecessor-version":[{"id":4463,"href":"https:\/\/bisbalpenedes.com\/web\/wp-json\/wp\/v2\/posts\/4461\/revisions\/4463"}],"wp:featuredmedia":[{"embeddable":true,"href":"https:\/\/bisbalpenedes.com\/web\/wp-json\/wp\/v2\/media\/4462"}],"wp:attachment":[{"href":"https:\/\/bisbalpenedes.com\/web\/wp-json\/wp\/v2\/media?parent=4461"}],"wp:term":[{"taxonomy":"category","embeddable":true,"href":"https:\/\/bisbalpenedes.com\/web\/wp-json\/wp\/v2\/categories?post=4461"},{"taxonomy":"post_tag","embeddable":true,"href":"https:\/\/bisbalpenedes.com\/web\/wp-json\/wp\/v2\/tags?post=4461"}],"curies":[{"name":"wp","href":"https:\/\/api.w.org\/{rel}","templated":true}]}}