{"id":4454,"date":"2018-01-23T17:06:58","date_gmt":"2018-01-23T16:06:58","guid":{"rendered":"http:\/\/bisbalpenedes.com\/web\/?p=4454"},"modified":"2018-01-23T17:16:08","modified_gmt":"2018-01-23T16:16:08","slug":"aquest-dissabte-es-presenta-un-conte-a-la-biblioteca-i-tambe-hi-haura-contacontes","status":"publish","type":"post","link":"https:\/\/bisbalpenedes.com\/web\/2018\/01\/23\/aquest-dissabte-es-presenta-un-conte-a-la-biblioteca-i-tambe-hi-haura-contacontes\/","title":{"rendered":"Aquest dissabte es presenta un conte a la Biblioteca i tamb\u00e9 hi haur\u00e0 contacontes"},"content":{"rendered":"<p><a href=\"http:\/\/bisbalpenedes.com\/web\/wp-content\/uploads\/2018\/01\/contacontes.jpg\"><img loading=\"lazy\" class=\"aligncenter size-large wp-image-4455\" src=\"http:\/\/bisbalpenedes.com\/web\/wp-content\/uploads\/2018\/01\/contacontes-724x1024.jpg\" alt=\"contacontes\" width=\"630\" height=\"891\" srcset=\"https:\/\/bisbalpenedes.com\/web\/wp-content\/uploads\/2018\/01\/contacontes-724x1024.jpg 724w, https:\/\/bisbalpenedes.com\/web\/wp-content\/uploads\/2018\/01\/contacontes-600x848.jpg 600w, https:\/\/bisbalpenedes.com\/web\/wp-content\/uploads\/2018\/01\/contacontes-212x300.jpg 212w, https:\/\/bisbalpenedes.com\/web\/wp-content\/uploads\/2018\/01\/contacontes-768x1086.jpg 768w, https:\/\/bisbalpenedes.com\/web\/wp-content\/uploads\/2018\/01\/contacontes.jpg 1132w\" sizes=\"(max-width: 630px) 100vw, 630px\" \/><\/a><\/p>\n<p>La Regidoria de Cultura informa que el proper dissabte 27 de gener, a partir de les 17.30h, tindr\u00e0 lloc la presentaci\u00f3 del llibre il\u00b7lustrat \u201cLa Kesse i el Kosse a la Font de la Canya\u201d de Georgina Castells i Sergi Segura, a c\u00e0rrec de membres de l\u2019Institut d\u2019Estudis Penedesencs. La presentaci\u00f3 es far\u00e0 a la Biblioteca del CMC.<\/p>\n<p>A continuaci\u00f3 tindr\u00e0 lloc el contacontes mensual i despr\u00e9s hi haur\u00e0 berenar per a tothom (sense gluten).<\/p>\n<p>El conte\u00a0\u201cLa Kesse i el Kosse a la Font de la Canya\u201d versa sobre el jaciment de la Font de la Canya d\u2019Avinyonet del Pened\u00e8s i en relata la seva hist\u00f2ria aix\u00ed com la dels inicis de la vinya i del vi al Pened\u00e8s.<\/p>\n","protected":false},"excerpt":{"rendered":"<p>La Regidoria de Cultura informa que el proper dissabte 27 de gener, a partir de les 17.30h, tindr\u00e0 lloc la presentaci\u00f3 del llibre il\u00b7lustrat \u201cLa Kesse i el Kosse a &hellip; <a href=\"https:\/\/bisbalpenedes.com\/web\/2018\/01\/23\/aquest-dissabte-es-presenta-un-conte-a-la-biblioteca-i-tambe-hi-haura-contacontes\/\" class=\"more-link\">Read More<\/a><\/p>\n","protected":false},"author":4,"featured_media":4455,"comment_status":"closed","ping_status":"closed","sticky":false,"template":"","format":"standard","meta":[],"categories":[13],"tags":[180,421,225,1211],"_links":{"self":[{"href":"https:\/\/bisbalpenedes.com\/web\/wp-json\/wp\/v2\/posts\/4454"}],"collection":[{"href":"https:\/\/bisbalpenedes.com\/web\/wp-json\/wp\/v2\/posts"}],"about":[{"href":"https:\/\/bisbalpenedes.com\/web\/wp-json\/wp\/v2\/types\/post"}],"author":[{"embeddable":true,"href":"https:\/\/bisbalpenedes.com\/web\/wp-json\/wp\/v2\/users\/4"}],"replies":[{"embeddable":true,"href":"https:\/\/bisbalpenedes.com\/web\/wp-json\/wp\/v2\/comments?post=4454"}],"version-history":[{"count":3,"href":"https:\/\/bisbalpenedes.com\/web\/wp-json\/wp\/v2\/posts\/4454\/revisions"}],"predecessor-version":[{"id":4458,"href":"https:\/\/bisbalpenedes.com\/web\/wp-json\/wp\/v2\/posts\/4454\/revisions\/4458"}],"wp:featuredmedia":[{"embeddable":true,"href":"https:\/\/bisbalpenedes.com\/web\/wp-json\/wp\/v2\/media\/4455"}],"wp:attachment":[{"href":"https:\/\/bisbalpenedes.com\/web\/wp-json\/wp\/v2\/media?parent=4454"}],"wp:term":[{"taxonomy":"category","embeddable":true,"href":"https:\/\/bisbalpenedes.com\/web\/wp-json\/wp\/v2\/categories?post=4454"},{"taxonomy":"post_tag","embeddable":true,"href":"https:\/\/bisbalpenedes.com\/web\/wp-json\/wp\/v2\/tags?post=4454"}],"curies":[{"name":"wp","href":"https:\/\/api.w.org\/{rel}","templated":true}]}}