{"id":4442,"date":"2018-01-22T16:51:49","date_gmt":"2018-01-22T15:51:49","guid":{"rendered":"http:\/\/bisbalpenedes.com\/web\/?p=4442"},"modified":"2018-01-22T16:51:49","modified_gmt":"2018-01-22T15:51:49","slug":"els-sederistes-bisbalencs-han-organitzat-una-xerrada-i-el-passi-dun-documental-per-divendres-26-de-gener-a-les-20h","status":"publish","type":"post","link":"https:\/\/bisbalpenedes.com\/web\/2018\/01\/22\/els-sederistes-bisbalencs-han-organitzat-una-xerrada-i-el-passi-dun-documental-per-divendres-26-de-gener-a-les-20h\/","title":{"rendered":"Els Sederistes Bisbalencs han organitzat una xerrada i el passi d&#8217;un documental per divendres 26 de gener a les 20h"},"content":{"rendered":"<p><a href=\"http:\/\/bisbalpenedes.com\/web\/wp-content\/uploads\/2018\/01\/senderistes-28-1.jpg\"><img loading=\"lazy\" class=\"aligncenter size-large wp-image-4443\" src=\"http:\/\/bisbalpenedes.com\/web\/wp-content\/uploads\/2018\/01\/senderistes-28-1-1024x724.jpg\" alt=\"senderistes 28-1\" width=\"630\" height=\"445\" srcset=\"https:\/\/bisbalpenedes.com\/web\/wp-content\/uploads\/2018\/01\/senderistes-28-1-1024x724.jpg 1024w, https:\/\/bisbalpenedes.com\/web\/wp-content\/uploads\/2018\/01\/senderistes-28-1-600x424.jpg 600w, https:\/\/bisbalpenedes.com\/web\/wp-content\/uploads\/2018\/01\/senderistes-28-1-300x212.jpg 300w, https:\/\/bisbalpenedes.com\/web\/wp-content\/uploads\/2018\/01\/senderistes-28-1-768x543.jpg 768w, https:\/\/bisbalpenedes.com\/web\/wp-content\/uploads\/2018\/01\/senderistes-28-1.jpg 1400w\" sizes=\"(max-width: 630px) 100vw, 630px\" \/><\/a><\/p>\n<p>El divendres 26 de gener a les 20h tindr\u00e0 lloc una xerrada i el passi d&#8217;un documental sota el t\u00edtol &#8220;+10 anys encordats pels Alps&#8221;. L&#8217;acte es dur\u00e0 a terme al Centre Municipal de Cultura (CMC)<\/p>\n","protected":false},"excerpt":{"rendered":"<p>El divendres 26 de gener a les 20h tindr\u00e0 lloc una xerrada i el passi d&#8217;un documental sota el t\u00edtol &#8220;+10 anys encordats pels Alps&#8221;. L&#8217;acte es dur\u00e0 a terme &hellip; <a href=\"https:\/\/bisbalpenedes.com\/web\/2018\/01\/22\/els-sederistes-bisbalencs-han-organitzat-una-xerrada-i-el-passi-dun-documental-per-divendres-26-de-gener-a-les-20h\/\" class=\"more-link\">Read More<\/a><\/p>\n","protected":false},"author":4,"featured_media":4443,"comment_status":"closed","ping_status":"closed","sticky":false,"template":"","format":"standard","meta":[],"categories":[19],"tags":[1199,226,1202,1200,1201,856,45],"_links":{"self":[{"href":"https:\/\/bisbalpenedes.com\/web\/wp-json\/wp\/v2\/posts\/4442"}],"collection":[{"href":"https:\/\/bisbalpenedes.com\/web\/wp-json\/wp\/v2\/posts"}],"about":[{"href":"https:\/\/bisbalpenedes.com\/web\/wp-json\/wp\/v2\/types\/post"}],"author":[{"embeddable":true,"href":"https:\/\/bisbalpenedes.com\/web\/wp-json\/wp\/v2\/users\/4"}],"replies":[{"embeddable":true,"href":"https:\/\/bisbalpenedes.com\/web\/wp-json\/wp\/v2\/comments?post=4442"}],"version-history":[{"count":1,"href":"https:\/\/bisbalpenedes.com\/web\/wp-json\/wp\/v2\/posts\/4442\/revisions"}],"predecessor-version":[{"id":4444,"href":"https:\/\/bisbalpenedes.com\/web\/wp-json\/wp\/v2\/posts\/4442\/revisions\/4444"}],"wp:featuredmedia":[{"embeddable":true,"href":"https:\/\/bisbalpenedes.com\/web\/wp-json\/wp\/v2\/media\/4443"}],"wp:attachment":[{"href":"https:\/\/bisbalpenedes.com\/web\/wp-json\/wp\/v2\/media?parent=4442"}],"wp:term":[{"taxonomy":"category","embeddable":true,"href":"https:\/\/bisbalpenedes.com\/web\/wp-json\/wp\/v2\/categories?post=4442"},{"taxonomy":"post_tag","embeddable":true,"href":"https:\/\/bisbalpenedes.com\/web\/wp-json\/wp\/v2\/tags?post=4442"}],"curies":[{"name":"wp","href":"https:\/\/api.w.org\/{rel}","templated":true}]}}