{"id":4439,"date":"2018-01-22T14:16:56","date_gmt":"2018-01-22T13:16:56","guid":{"rendered":"http:\/\/bisbalpenedes.com\/web\/?p=4439"},"modified":"2018-01-22T14:16:56","modified_gmt":"2018-01-22T13:16:56","slug":"dissabte-hi-haura-una-nova-exposicio-de-quadres-de-punt-de-creu-al-cmc","status":"publish","type":"post","link":"https:\/\/bisbalpenedes.com\/web\/2018\/01\/22\/dissabte-hi-haura-una-nova-exposicio-de-quadres-de-punt-de-creu-al-cmc\/","title":{"rendered":"Dissabte hi haur\u00e0 una nova exposici\u00f3 de quadres de punt de creu al CMC"},"content":{"rendered":"<p>El dissabte 27 de gener a les 18h s&#8217;inaugurar\u00e0 una nova exposici\u00f3 al Centre Municipal de Cultura (CMC). Es tracta la mostra de quadres de punt de creu de la Cristina Ca\u00f1\u00eds. Es podr\u00e0 visitar durant tot el cap de setmana.<\/p>\n<p><a href=\"http:\/\/bisbalpenedes.com\/web\/wp-content\/uploads\/2018\/01\/EXPOSOCIO-QUADRES-PUNT-CREU-2018-d.jpg\"><img loading=\"lazy\" class=\"aligncenter size-large wp-image-4440\" src=\"http:\/\/bisbalpenedes.com\/web\/wp-content\/uploads\/2018\/01\/EXPOSOCIO-QUADRES-PUNT-CREU-2018-d-730x1024.jpg\" alt=\"EXPOSOCIO-QUADRES-PUNT-CREU-2018-d\" width=\"630\" height=\"884\" srcset=\"https:\/\/bisbalpenedes.com\/web\/wp-content\/uploads\/2018\/01\/EXPOSOCIO-QUADRES-PUNT-CREU-2018-d-730x1024.jpg 730w, https:\/\/bisbalpenedes.com\/web\/wp-content\/uploads\/2018\/01\/EXPOSOCIO-QUADRES-PUNT-CREU-2018-d-600x841.jpg 600w, https:\/\/bisbalpenedes.com\/web\/wp-content\/uploads\/2018\/01\/EXPOSOCIO-QUADRES-PUNT-CREU-2018-d-214x300.jpg 214w, https:\/\/bisbalpenedes.com\/web\/wp-content\/uploads\/2018\/01\/EXPOSOCIO-QUADRES-PUNT-CREU-2018-d-768x1077.jpg 768w, https:\/\/bisbalpenedes.com\/web\/wp-content\/uploads\/2018\/01\/EXPOSOCIO-QUADRES-PUNT-CREU-2018-d.jpg 851w\" sizes=\"(max-width: 630px) 100vw, 630px\" \/><\/a><\/p>\n","protected":false},"excerpt":{"rendered":"<p>El dissabte 27 de gener a les 18h s&#8217;inaugurar\u00e0 una nova exposici\u00f3 al Centre Municipal de Cultura (CMC). Es tracta la mostra de quadres de punt de creu de la &hellip; <a href=\"https:\/\/bisbalpenedes.com\/web\/2018\/01\/22\/dissabte-hi-haura-una-nova-exposicio-de-quadres-de-punt-de-creu-al-cmc\/\" class=\"more-link\">Read More<\/a><\/p>\n","protected":false},"author":4,"featured_media":4440,"comment_status":"closed","ping_status":"closed","sticky":false,"template":"","format":"standard","meta":[],"categories":[13],"tags":[1198,1197,226,1194,86,1195,1196],"_links":{"self":[{"href":"https:\/\/bisbalpenedes.com\/web\/wp-json\/wp\/v2\/posts\/4439"}],"collection":[{"href":"https:\/\/bisbalpenedes.com\/web\/wp-json\/wp\/v2\/posts"}],"about":[{"href":"https:\/\/bisbalpenedes.com\/web\/wp-json\/wp\/v2\/types\/post"}],"author":[{"embeddable":true,"href":"https:\/\/bisbalpenedes.com\/web\/wp-json\/wp\/v2\/users\/4"}],"replies":[{"embeddable":true,"href":"https:\/\/bisbalpenedes.com\/web\/wp-json\/wp\/v2\/comments?post=4439"}],"version-history":[{"count":1,"href":"https:\/\/bisbalpenedes.com\/web\/wp-json\/wp\/v2\/posts\/4439\/revisions"}],"predecessor-version":[{"id":4441,"href":"https:\/\/bisbalpenedes.com\/web\/wp-json\/wp\/v2\/posts\/4439\/revisions\/4441"}],"wp:featuredmedia":[{"embeddable":true,"href":"https:\/\/bisbalpenedes.com\/web\/wp-json\/wp\/v2\/media\/4440"}],"wp:attachment":[{"href":"https:\/\/bisbalpenedes.com\/web\/wp-json\/wp\/v2\/media?parent=4439"}],"wp:term":[{"taxonomy":"category","embeddable":true,"href":"https:\/\/bisbalpenedes.com\/web\/wp-json\/wp\/v2\/categories?post=4439"},{"taxonomy":"post_tag","embeddable":true,"href":"https:\/\/bisbalpenedes.com\/web\/wp-json\/wp\/v2\/tags?post=4439"}],"curies":[{"name":"wp","href":"https:\/\/api.w.org\/{rel}","templated":true}]}}