{"id":4430,"date":"2018-01-19T17:26:10","date_gmt":"2018-01-19T16:26:10","guid":{"rendered":"http:\/\/bisbalpenedes.com\/web\/?p=4430"},"modified":"2020-06-12T10:14:25","modified_gmt":"2020-06-12T09:14:25","slug":"com-funciona-el-punt-verd","status":"publish","type":"post","link":"https:\/\/bisbalpenedes.com\/web\/2018\/01\/19\/com-funciona-el-punt-verd\/","title":{"rendered":"Com funciona el Punt Verd?"},"content":{"rendered":"<p><strong><span style=\"color: #000000;\">IMPORTANT: per causa de la situaci\u00f3 generada per la pand\u00e8mia de Covid-19, aquest servei obre en horari redu\u00eft i amb diferents mesures de prevenci\u00f3 des del passat mes de maig. M\u00e9s informaci\u00f3:\u00a0<\/span><a href=\"http:\/\/bisbalpenedes.com\/web\/2020\/05\/13\/el-punt-verd-reobrira-el-18-de-maig-amb-horari-reduit\/\" target=\"_blank\">http:\/\/bisbalpenedes.com\/web\/2020\/05\/13\/el-punt-verd-reobrira-el-18-de-maig-amb-horari-reduit\/<\/a><\/strong><\/p>\n<p><strong><span style=\"color: #000000;\">IMPORTANTE: Por causa de la situaci\u00f3n generada por la pandemia de Covid-19, este servicio abre en horario reducido y con distintas medidas de prevenci\u00f3n desde el pasado mes de mayo. M\u00e1s informaci\u00f3n:<\/span>\u00a0<a href=\"http:\/\/bisbalpenedes.com\/web\/2020\/05\/13\/el-punt-verd-reobrira-el-18-de-maig-amb-horari-reduit\/\" target=\"_blank\">http:\/\/bisbalpenedes.com\/web\/2020\/05\/13\/el-punt-verd-reobrira-el-18-de-maig-amb-horari-reduit\/<\/a><\/strong><\/p>\n<hr \/>\n<p><span style=\"color: #000000;\">L&#8217;Ajuntament de la Bisbal compta amb un equipament anomenat Punt Verd que \u00e9s d&#8217;\u00fas exclusiu per a aquells particulars que estiguin donats d&#8217;alta al padr\u00f3 municipal de recollida de residus dom\u00e8stics. Amb aquest equipament, la Regidoria de Medi Ambient vol col\u00b7laborar en la supressi\u00f3 d&#8217;abocaments incontrolats i contribuir en una correcta gesti\u00f3 i separaci\u00f3 dels residus municipals dom\u00e8stics, especials i valoritzables.<\/span><\/p>\n<p><span style=\"color: #000000;\">El servei, que funciona les 24hores els 365 dies de l&#8217;any, no accepta residus industrials, barrejats o radioactius de cap mena i nom\u00e9s admet residus de ve\u00efns particulars.\u00a0L&#8217;acc\u00e9s al recinte es fa mitjan\u00e7ant una targeta que expedeix l&#8217;Ajuntament. En total s&#8217;han expedit 1305 targetes des de l&#8217;any 2013, \u00e9s a dir, hi ha 1305 particulars que poden accedir a l&#8217;equipament.\u00a0Els ve\u00efns que vulguin donar-se d&#8217;alta al servei han de sol\u00b7licitar-ho a les oficines municipals (cal ser un particular i ser el titular del rebut de la taxa d&#8217;escombraries de l&#8217;habitatge)..<\/span><\/p>\n<p><span style=\"color: #000000;\">Si entre tots fem un bon \u00fas del Punt Verd, els residus podran ser reutilitzats o reciclats com a mat\u00e8ria primera i mitjan\u00e7ant diversos processos s&#8217;obtindran productes diferents o iguals als originals.<\/span><\/p>\n<p><span style=\"color: #000000;\">Al Punt Verd es poden classificar els residus en els contenidors dedicats a cada material:<\/span><\/p>\n<p><span style=\"color: #000000;\"><strong>CONTENIDORS DE GRANS DIMENSIONS<\/strong><\/span><\/p>\n<p style=\"padding-left: 60px;\"><span style=\"color: #000000;\">-Vidre<\/span><\/p>\n<p style=\"padding-left: 60px;\"><span style=\"color: #000000;\">-Vidre pla<\/span><\/p>\n<p style=\"padding-left: 60px;\"><span style=\"color: #000000;\">-Ferralla<\/span><\/p>\n<p style=\"padding-left: 60px;\"><span style=\"color: #000000;\">-Resta<\/span><\/p>\n<p style=\"padding-left: 60px;\"><span style=\"color: #000000;\">-Paper i Cartr\u00f3<\/span><\/p>\n<p style=\"padding-left: 60px;\"><span style=\"color: #000000;\">-Envasos lleugers<\/span><\/p>\n<p style=\"padding-left: 60px;\"><span style=\"color: #000000;\">-Matalassos<\/span><\/p>\n<p style=\"padding-left: 60px;\"><span style=\"color: #000000;\">-Pneum\u00e0tics<\/span><\/p>\n<p style=\"padding-left: 60px;\"><span style=\"color: #000000;\">-Fusta<\/span><\/p>\n<p style=\"padding-left: 60px;\"><span style=\"color: #000000;\">-Voluminosos<\/span><\/p>\n<p style=\"padding-left: 60px;\"><span style=\"color: #000000;\">-Pl\u00e0stics diversos<\/span><\/p>\n<p style=\"padding-left: 60px;\"><span style=\"color: #000000;\">-Runes i terres<\/span><\/p>\n<p style=\"padding-left: 60px;\"><span style=\"color: #000000;\">-Restes vegetals<\/span><\/p>\n<p><span style=\"color: #000000;\"><strong>CONTENIDORS PER A RESTES ESPECIALS<\/strong><\/span><\/p>\n<p style=\"padding-left: 60px;\"><span style=\"color: #000000;\">-Oli vegetal<\/span><\/p>\n<p style=\"padding-left: 60px;\"><span style=\"color: #000000;\">-Oli mineral<\/span><\/p>\n<p style=\"padding-left: 60px;\"><span style=\"color: #000000;\">-Aparells de fred<\/span><\/p>\n<p style=\"padding-left: 60px;\"><span style=\"color: #000000;\">-Residus especials (t\u00f2ners, pintures, dissolvents, vernissos&#8230;)<\/span><\/p>\n<p style=\"padding-left: 60px;\"><span style=\"color: #000000;\">-Petits electrodom\u00e8stics<\/span><\/p>\n<p style=\"padding-left: 60px;\"><span style=\"color: #000000;\">-Televisors i monitors<\/span><\/p>\n<p style=\"padding-left: 60px;\"><span style=\"color: #000000;\">-Piles, bateries i fluorescents<\/span><\/p>\n<p><span style=\"color: #000000;\">S\u00f3n\u00a0una obligaci\u00f3 de l&#8217;usuari del Punt Verd la correcta classificaci\u00f3 i dip\u00f2sit dels residus, el transport sense que es produeixin abocaments o dispersions de materials i el fet d&#8217;evitar la caiguda de residus fora dels contenidors habilitats.<\/span><\/p>\n<p><span style=\"color: #000000;\">En cas d&#8217;infracci\u00f3, l&#8217;Ajuntament podr\u00e0 tirar endavant el proc\u00e9s legal que correspongui amb la sanci\u00f3 pertinent en cada cas. Durant l&#8217;any 2017 s&#8217;han notificat un total de 55 infraccions produ\u00efdes a les instal\u00b7lacions del Punt Verd de la Bisbal del Pened\u00e8s.<\/span><\/p>\n<p><a href=\"http:\/\/bisbalpenedes.com\/web\/wp-content\/uploads\/2012\/10\/puntverd1.jpg\"><img loading=\"lazy\" class=\"aligncenter size-full wp-image-175\" src=\"http:\/\/bisbalpenedes.com\/web\/wp-content\/uploads\/2012\/10\/puntverd1.jpg\" alt=\"puntverd1\" width=\"720\" height=\"540\" srcset=\"https:\/\/bisbalpenedes.com\/web\/wp-content\/uploads\/2012\/10\/puntverd1.jpg 720w, https:\/\/bisbalpenedes.com\/web\/wp-content\/uploads\/2012\/10\/puntverd1-600x450.jpg 600w, https:\/\/bisbalpenedes.com\/web\/wp-content\/uploads\/2012\/10\/puntverd1-300x225.jpg 300w\" sizes=\"(max-width: 720px) 100vw, 720px\" \/><\/a><\/p>\n<p><span style=\"color: #000000;\">Val a dir que la Regidoria de Medi Ambient de Ajuntament de la Bisbal ofereix un <strong>servei gratu\u00eft de recollida de residus voluminosos<\/strong> a aquelles persones que no poden portar-los al Punt Verd. La recollida es far\u00e0 porta a porta exclusivament per a particulars, el primer dilluns (no festiu) de cada mes.<\/span><\/p>\n<p><span style=\"color: #000000;\">Per sol\u00b7licitar el servei cal trucar, amb un m\u00ednim de 5 dies d\u2019anterioritat, a les oficines de l\u2019Ajuntament de la Bisbal o al tel\u00e8fon 977688438 i depositar els voluminosos, un dia abans de la recollida, al costat de la porta de casa.<\/span><\/p>\n<p><span style=\"color: #000000;\">L\u2019Ajuntament de la Bisbal del Pened\u00e8s recorda que deixar residus i \u201ctrastos\u201d a la via p\u00fablica sense previ av\u00eds pot ser motiu de sanci\u00f3.<\/span><\/p>\n<p>&nbsp;<\/p>\n<p>&nbsp;<\/p>\n<p>&nbsp;<\/p>\n<p>&nbsp;<\/p>\n<p>&nbsp;<\/p>\n<p>&nbsp;<\/p>\n","protected":false},"excerpt":{"rendered":"<p>IMPORTANT: per causa de la situaci\u00f3 generada per la pand\u00e8mia de Covid-19, aquest servei obre en horari redu\u00eft i amb diferents mesures de prevenci\u00f3 des del passat mes de maig. &hellip; <a href=\"https:\/\/bisbalpenedes.com\/web\/2018\/01\/19\/com-funciona-el-punt-verd\/\" class=\"more-link\">Read More<\/a><\/p>\n","protected":false},"author":4,"featured_media":175,"comment_status":"closed","ping_status":"closed","sticky":false,"template":"","format":"standard","meta":[],"categories":[32],"tags":[1191,92,627,1182,1193,1192,1183],"_links":{"self":[{"href":"https:\/\/bisbalpenedes.com\/web\/wp-json\/wp\/v2\/posts\/4430"}],"collection":[{"href":"https:\/\/bisbalpenedes.com\/web\/wp-json\/wp\/v2\/posts"}],"about":[{"href":"https:\/\/bisbalpenedes.com\/web\/wp-json\/wp\/v2\/types\/post"}],"author":[{"embeddable":true,"href":"https:\/\/bisbalpenedes.com\/web\/wp-json\/wp\/v2\/users\/4"}],"replies":[{"embeddable":true,"href":"https:\/\/bisbalpenedes.com\/web\/wp-json\/wp\/v2\/comments?post=4430"}],"version-history":[{"count":11,"href":"https:\/\/bisbalpenedes.com\/web\/wp-json\/wp\/v2\/posts\/4430\/revisions"}],"predecessor-version":[{"id":13821,"href":"https:\/\/bisbalpenedes.com\/web\/wp-json\/wp\/v2\/posts\/4430\/revisions\/13821"}],"wp:featuredmedia":[{"embeddable":true,"href":"https:\/\/bisbalpenedes.com\/web\/wp-json\/wp\/v2\/media\/175"}],"wp:attachment":[{"href":"https:\/\/bisbalpenedes.com\/web\/wp-json\/wp\/v2\/media?parent=4430"}],"wp:term":[{"taxonomy":"category","embeddable":true,"href":"https:\/\/bisbalpenedes.com\/web\/wp-json\/wp\/v2\/categories?post=4430"},{"taxonomy":"post_tag","embeddable":true,"href":"https:\/\/bisbalpenedes.com\/web\/wp-json\/wp\/v2\/tags?post=4430"}],"curies":[{"name":"wp","href":"https:\/\/api.w.org\/{rel}","templated":true}]}}