{"id":4416,"date":"2018-01-19T13:14:19","date_gmt":"2018-01-19T12:14:19","guid":{"rendered":"http:\/\/bisbalpenedes.com\/web\/?p=4416"},"modified":"2018-01-19T17:26:27","modified_gmt":"2018-01-19T16:26:27","slug":"la-regidoria-de-medi-ambient-ofereix-el-servei-de-recollida-de-trastos-vells-als-veins-que-no-puguin-desplacar-se-al-punt-verd","status":"publish","type":"post","link":"https:\/\/bisbalpenedes.com\/web\/2018\/01\/19\/la-regidoria-de-medi-ambient-ofereix-el-servei-de-recollida-de-trastos-vells-als-veins-que-no-puguin-desplacar-se-al-punt-verd\/","title":{"rendered":"La Regidoria de Medi Ambient ofereix el servei de recollida de &#8216;trastos&#8217; vells als ve\u00efns que no puguin despla\u00e7ar-se al Punt Verd"},"content":{"rendered":"<p><a href=\"http:\/\/bisbalpenedes.com\/web\/wp-content\/uploads\/2018\/01\/Trastos-Vells-Recollida.jpg\"><img loading=\"lazy\" class=\"aligncenter size-large wp-image-4417\" src=\"http:\/\/bisbalpenedes.com\/web\/wp-content\/uploads\/2018\/01\/Trastos-Vells-Recollida-498x1024.jpg\" alt=\"Trastos-Vells-Recollida\" width=\"498\" height=\"1024\" srcset=\"https:\/\/bisbalpenedes.com\/web\/wp-content\/uploads\/2018\/01\/Trastos-Vells-Recollida-498x1024.jpg 498w, https:\/\/bisbalpenedes.com\/web\/wp-content\/uploads\/2018\/01\/Trastos-Vells-Recollida-600x1234.jpg 600w, https:\/\/bisbalpenedes.com\/web\/wp-content\/uploads\/2018\/01\/Trastos-Vells-Recollida-146x300.jpg 146w, https:\/\/bisbalpenedes.com\/web\/wp-content\/uploads\/2018\/01\/Trastos-Vells-Recollida-768x1580.jpg 768w, https:\/\/bisbalpenedes.com\/web\/wp-content\/uploads\/2018\/01\/Trastos-Vells-Recollida.jpg 1240w\" sizes=\"(max-width: 498px) 100vw, 498px\" \/><\/a><\/p>\n<p>La Regidoria de Medi Ambient de Ajuntament de la Bisbal ofereix un servei gratu\u00eft de recollida de residus voluminosos a aquelles persones que no poden portar-los al Punt Verd.<\/p>\n<p>La recollida es far\u00e0 porta a porta exclusivament per a particulars, el primer dilluns (no festiu) de cada mes.<\/p>\n<p>Per sol\u00b7licitar el servei cal trucar, amb un m\u00ednim de 5 dies d&#8217;anterioritat, a les oficines de l&#8217;Ajuntament de la Bisbal o al tel\u00e8fon 977688438.<\/p>\n<p>Els residus voluminosos s&#8217;hauran de dipositar, el dia abans de la recollida, al costat de la porta de casa.<\/p>\n<p>L&#8217;Ajuntament de la Bisbal del Pened\u00e8s recorda que deixar residus i &#8220;trastos&#8221; a la via p\u00fablica sense previ av\u00eds pot ser motiu de sanci\u00f3.<\/p>\n","protected":false},"excerpt":{"rendered":"<p>La Regidoria de Medi Ambient de Ajuntament de la Bisbal ofereix un servei gratu\u00eft de recollida de residus voluminosos a aquelles persones que no poden portar-los al Punt Verd. La &hellip; <a href=\"https:\/\/bisbalpenedes.com\/web\/2018\/01\/19\/la-regidoria-de-medi-ambient-ofereix-el-servei-de-recollida-de-trastos-vells-als-veins-que-no-puguin-desplacar-se-al-punt-verd\/\" class=\"more-link\">Read More<\/a><\/p>\n","protected":false},"author":4,"featured_media":4417,"comment_status":"closed","ping_status":"closed","sticky":false,"template":"","format":"standard","meta":[],"categories":[32],"tags":[935,1185,1184,92,1182,1183],"_links":{"self":[{"href":"https:\/\/bisbalpenedes.com\/web\/wp-json\/wp\/v2\/posts\/4416"}],"collection":[{"href":"https:\/\/bisbalpenedes.com\/web\/wp-json\/wp\/v2\/posts"}],"about":[{"href":"https:\/\/bisbalpenedes.com\/web\/wp-json\/wp\/v2\/types\/post"}],"author":[{"embeddable":true,"href":"https:\/\/bisbalpenedes.com\/web\/wp-json\/wp\/v2\/users\/4"}],"replies":[{"embeddable":true,"href":"https:\/\/bisbalpenedes.com\/web\/wp-json\/wp\/v2\/comments?post=4416"}],"version-history":[{"count":2,"href":"https:\/\/bisbalpenedes.com\/web\/wp-json\/wp\/v2\/posts\/4416\/revisions"}],"predecessor-version":[{"id":4432,"href":"https:\/\/bisbalpenedes.com\/web\/wp-json\/wp\/v2\/posts\/4416\/revisions\/4432"}],"wp:featuredmedia":[{"embeddable":true,"href":"https:\/\/bisbalpenedes.com\/web\/wp-json\/wp\/v2\/media\/4417"}],"wp:attachment":[{"href":"https:\/\/bisbalpenedes.com\/web\/wp-json\/wp\/v2\/media?parent=4416"}],"wp:term":[{"taxonomy":"category","embeddable":true,"href":"https:\/\/bisbalpenedes.com\/web\/wp-json\/wp\/v2\/categories?post=4416"},{"taxonomy":"post_tag","embeddable":true,"href":"https:\/\/bisbalpenedes.com\/web\/wp-json\/wp\/v2\/tags?post=4416"}],"curies":[{"name":"wp","href":"https:\/\/api.w.org\/{rel}","templated":true}]}}