{"id":4414,"date":"2018-01-19T12:51:49","date_gmt":"2018-01-19T11:51:49","guid":{"rendered":"http:\/\/bisbalpenedes.com\/web\/?p=4414"},"modified":"2018-01-19T12:51:49","modified_gmt":"2018-01-19T11:51:49","slug":"lajuntament-de-la-bisbal-redactara-un-nou-plec-de-clausules-per-a-la-contractacio-del-servei-urba-aquest-2018","status":"publish","type":"post","link":"https:\/\/bisbalpenedes.com\/web\/2018\/01\/19\/lajuntament-de-la-bisbal-redactara-un-nou-plec-de-clausules-per-a-la-contractacio-del-servei-urba-aquest-2018\/","title":{"rendered":"L&#8217;Ajuntament de la Bisbal redactar\u00e0 un nou plec de cl\u00e0usules per a la contractaci\u00f3 del servei urb\u00e0 aquest 2018"},"content":{"rendered":"<p>Aquest dijous 18 de gener de 2018 s\u2019ha aprovat per Junta de Govern desestimar la pr\u00f2rroga de 5 anys del contracte administratiu per a la gesti\u00f3 del servei p\u00fablic de transport urb\u00e0 de viatgers, sol\u00b7licitada per la concession\u00e0ria.<\/p>\n<p>Enguany far\u00e0 deu anys (el 25 de juny de 2008) que es va adjudicar el contracte per 71.800\u20ac anuals i, per tant, aquest mes de juny acabaria la concessi\u00f3. L\u2019Ajuntament vol treure a concurs un nou plec de cl\u00e0usules de transport urb\u00e0 perqu\u00e8 el servei arribi a tot el municipi ja que, actualment, no es d\u00f3na servei de bus urb\u00e0 a Santa Cristina, l\u2019Ortig\u00f3s i el Papagai.<\/p>\n<p>L\u2019alcaldessa de la Bisbal, Agn\u00e8s Ferr\u00e9, que tamb\u00e9 \u00e9s responsable de l\u2019\u00e0rea d\u2019Urbanisme, considera necessari fer aquest nou plec de cl\u00e0usules ja que \u201chem de vetllar perqu\u00e8 el servei arribi a tots els bisbalencs i bisbalenques i perqu\u00e8 puguem millorar la mobilitat entre els diversos punts del municipi\u201d.<\/p>\n","protected":false},"excerpt":{"rendered":"<p>Aquest dijous 18 de gener de 2018 s\u2019ha aprovat per Junta de Govern desestimar la pr\u00f2rroga de 5 anys del contracte administratiu per a la gesti\u00f3 del servei p\u00fablic de &hellip; <a href=\"https:\/\/bisbalpenedes.com\/web\/2018\/01\/19\/lajuntament-de-la-bisbal-redactara-un-nou-plec-de-clausules-per-a-la-contractacio-del-servei-urba-aquest-2018\/\" class=\"more-link\">Read More<\/a><\/p>\n","protected":false},"author":4,"featured_media":1656,"comment_status":"closed","ping_status":"closed","sticky":false,"template":"","format":"standard","meta":[],"categories":[15],"tags":[727,821,1181,1089,466,184],"_links":{"self":[{"href":"https:\/\/bisbalpenedes.com\/web\/wp-json\/wp\/v2\/posts\/4414"}],"collection":[{"href":"https:\/\/bisbalpenedes.com\/web\/wp-json\/wp\/v2\/posts"}],"about":[{"href":"https:\/\/bisbalpenedes.com\/web\/wp-json\/wp\/v2\/types\/post"}],"author":[{"embeddable":true,"href":"https:\/\/bisbalpenedes.com\/web\/wp-json\/wp\/v2\/users\/4"}],"replies":[{"embeddable":true,"href":"https:\/\/bisbalpenedes.com\/web\/wp-json\/wp\/v2\/comments?post=4414"}],"version-history":[{"count":1,"href":"https:\/\/bisbalpenedes.com\/web\/wp-json\/wp\/v2\/posts\/4414\/revisions"}],"predecessor-version":[{"id":4415,"href":"https:\/\/bisbalpenedes.com\/web\/wp-json\/wp\/v2\/posts\/4414\/revisions\/4415"}],"wp:featuredmedia":[{"embeddable":true,"href":"https:\/\/bisbalpenedes.com\/web\/wp-json\/wp\/v2\/media\/1656"}],"wp:attachment":[{"href":"https:\/\/bisbalpenedes.com\/web\/wp-json\/wp\/v2\/media?parent=4414"}],"wp:term":[{"taxonomy":"category","embeddable":true,"href":"https:\/\/bisbalpenedes.com\/web\/wp-json\/wp\/v2\/categories?post=4414"},{"taxonomy":"post_tag","embeddable":true,"href":"https:\/\/bisbalpenedes.com\/web\/wp-json\/wp\/v2\/tags?post=4414"}],"curies":[{"name":"wp","href":"https:\/\/api.w.org\/{rel}","templated":true}]}}