{"id":4407,"date":"2018-01-19T12:37:28","date_gmt":"2018-01-19T11:37:28","guid":{"rendered":"http:\/\/bisbalpenedes.com\/web\/?p=4407"},"modified":"2018-01-19T12:37:28","modified_gmt":"2018-01-19T11:37:28","slug":"sha-aprovat-el-contracte-menor-per-a-la-redaccio-del-projecte-basic-dexecucio-i-direccio-dobra-de-la-rehabilitacio-de-les-cases-dels-mestres","status":"publish","type":"post","link":"https:\/\/bisbalpenedes.com\/web\/2018\/01\/19\/sha-aprovat-el-contracte-menor-per-a-la-redaccio-del-projecte-basic-dexecucio-i-direccio-dobra-de-la-rehabilitacio-de-les-cases-dels-mestres\/","title":{"rendered":"S&#8217;ha aprovat el contracte menor per a la redacci\u00f3 del projecte b\u00e0sic, d&#8217;execuci\u00f3 i direcci\u00f3 d&#8217;obra de la rehabilitaci\u00f3 de les &#8216;cases dels mestres&#8217;"},"content":{"rendered":"<p>La Junta de Govern Local ha aprovat el contracte menor per un import de 6.738,62\u20ac per a la redacci\u00f3 del projecte b\u00e0sic, d\u2019execuci\u00f3 i direcci\u00f3 d\u2019obra de la rehabilitaci\u00f3 de les antigues cases dels mestres per a convertir-les en dos habitatges socials de propietat municipal.<\/p>\n<p>Es tracta d\u2019un projecte de la Regidoria de Benestar Social en el qual es treballa des de fa dos anys. Durant els anys 2016 i 2017 es va treballar en la desafectaci\u00f3 al 100% de les cases i, una vegada tramitada la desafectaci\u00f3, es va procedir a realitzar de tots els tr\u00e0mits administratius amb la finalitat de poder comen\u00e7ar la redacci\u00f3 del projecte que s\u2019acaba d\u2019aprovar. Cal recordar que aquestes dues cases estaven inscrites com a equipaments municipals i que el 2017 es va sol\u00b7licitar la modificaci\u00f3 amb la finalitat que fossin considerades habitatges.<\/p>\n<p>La Regidora de Benestar Social, Maguy Antol\u00edn, considera que \u201c\u00e9s un pas m\u00e9s per garantir la igualtat d\u2019oportunitats dels bisbalencs i assegurar el dret a un habitatge digne per a les fam\u00edlies m\u00e9s vulnerables\u201d.<\/p>\n<p>Segons la regidora, durant el primer trimestre d\u2019aquest 2018 es podria finalitzar la redacci\u00f3 del projecte i podria comen\u00e7ar l\u2019execuci\u00f3 de l\u2019obra.<\/p>\n","protected":false},"excerpt":{"rendered":"<p>La Junta de Govern Local ha aprovat el contracte menor per un import de 6.738,62\u20ac per a la redacci\u00f3 del projecte b\u00e0sic, d\u2019execuci\u00f3 i direcci\u00f3 d\u2019obra de la rehabilitaci\u00f3 de &hellip; <a href=\"https:\/\/bisbalpenedes.com\/web\/2018\/01\/19\/sha-aprovat-el-contracte-menor-per-a-la-redaccio-del-projecte-basic-dexecucio-i-direccio-dobra-de-la-rehabilitacio-de-les-cases-dels-mestres\/\" class=\"more-link\">Read More<\/a><\/p>\n","protected":false},"author":4,"featured_media":4408,"comment_status":"closed","ping_status":"closed","sticky":false,"template":"","format":"standard","meta":[],"categories":[975],"tags":[384,248,1179,1178,1180,484],"_links":{"self":[{"href":"https:\/\/bisbalpenedes.com\/web\/wp-json\/wp\/v2\/posts\/4407"}],"collection":[{"href":"https:\/\/bisbalpenedes.com\/web\/wp-json\/wp\/v2\/posts"}],"about":[{"href":"https:\/\/bisbalpenedes.com\/web\/wp-json\/wp\/v2\/types\/post"}],"author":[{"embeddable":true,"href":"https:\/\/bisbalpenedes.com\/web\/wp-json\/wp\/v2\/users\/4"}],"replies":[{"embeddable":true,"href":"https:\/\/bisbalpenedes.com\/web\/wp-json\/wp\/v2\/comments?post=4407"}],"version-history":[{"count":1,"href":"https:\/\/bisbalpenedes.com\/web\/wp-json\/wp\/v2\/posts\/4407\/revisions"}],"predecessor-version":[{"id":4409,"href":"https:\/\/bisbalpenedes.com\/web\/wp-json\/wp\/v2\/posts\/4407\/revisions\/4409"}],"wp:featuredmedia":[{"embeddable":true,"href":"https:\/\/bisbalpenedes.com\/web\/wp-json\/wp\/v2\/media\/4408"}],"wp:attachment":[{"href":"https:\/\/bisbalpenedes.com\/web\/wp-json\/wp\/v2\/media?parent=4407"}],"wp:term":[{"taxonomy":"category","embeddable":true,"href":"https:\/\/bisbalpenedes.com\/web\/wp-json\/wp\/v2\/categories?post=4407"},{"taxonomy":"post_tag","embeddable":true,"href":"https:\/\/bisbalpenedes.com\/web\/wp-json\/wp\/v2\/tags?post=4407"}],"curies":[{"name":"wp","href":"https:\/\/api.w.org\/{rel}","templated":true}]}}