{"id":4404,"date":"2018-01-19T12:37:18","date_gmt":"2018-01-19T11:37:18","guid":{"rendered":"http:\/\/bisbalpenedes.com\/web\/?p=4404"},"modified":"2018-01-19T16:47:23","modified_gmt":"2018-01-19T15:47:23","slug":"ja-podeu-consultar-els-resultats-del-pressupost-participatiu","status":"publish","type":"post","link":"https:\/\/bisbalpenedes.com\/web\/2018\/01\/19\/ja-podeu-consultar-els-resultats-del-pressupost-participatiu\/","title":{"rendered":"Ja podeu consultar els projectes guanyadors del Pressupost Participatiu"},"content":{"rendered":"<p>El pressupost de l\u2019Ajuntament de la Bisbal del Pened\u00e8s per a l\u2019any 2018 inclou una partida de 60.000\u20ac destinada al \u2018Pressupost participatiu\u2019. Durant el 2017 l\u2019empresa Limonium ha realitzat reunions amb ve\u00efns empadronats a tots els barris de la Bisbal perqu\u00e8 decidissin en qu\u00e8 volien gastar la seva part del pressupost:<\/p>\n<table>\n<tbody>\n<tr>\n<td width=\"298\"><strong>BARRI<\/strong><\/td>\n<td width=\"314\"><strong>PRESSUPOST<\/strong><\/td>\n<\/tr>\n<tr>\n<td width=\"298\">Nucli<\/td>\n<td width=\"314\">19.000\u20ac<\/td>\n<\/tr>\n<tr>\n<td width=\"298\">Priorat de la Bisbal<\/td>\n<td width=\"314\">13.000\u20ac<\/td>\n<\/tr>\n<tr>\n<td width=\"298\">Can Gordei<\/td>\n<td width=\"314\">10.500\u20ac<\/td>\n<\/tr>\n<tr>\n<td width=\"298\">L\u2019Esplai<\/td>\n<td width=\"314\">5.500\u20ac<\/td>\n<\/tr>\n<tr>\n<td width=\"298\">La Miralba<\/td>\n<td width=\"314\">3.000\u20ac<\/td>\n<\/tr>\n<tr>\n<td width=\"298\">El Papagai<\/td>\n<td width=\"314\">3.000\u20ac<\/td>\n<\/tr>\n<tr>\n<td width=\"298\">Santa Cristina<\/td>\n<td width=\"314\">2.000\u20ac<\/td>\n<\/tr>\n<tr>\n<td width=\"298\">La Masieta<\/td>\n<td width=\"314\">2.000\u20ac<\/td>\n<\/tr>\n<tr>\n<td width=\"298\">L\u2019Ortig\u00f3s<\/td>\n<td width=\"314\">2.000\u20ac<\/td>\n<\/tr>\n<\/tbody>\n<\/table>\n<p>El proc\u00e9s s\u2019ha dividit en diverses etapes:<\/p>\n<p><strong>-Primera fase:<\/strong> durant el mes de juny de 2017 es van realitzar cinc reunions informatives sobre els pressupostos participatius per explicar el seu funcionament. Es va comptar amb la participaci\u00f3 d\u2019un total de 97 persones.<\/p>\n<p><strong>-Segona fase:<\/strong> al setembre es van realitzar 9 sessions propositives, per tal que els ciutadans proposessin actuacions pels seus nuclis. Van participar-hi un total de 115 persones, repartides de la seg\u00fcent manera:<\/p>\n<p>&nbsp;<\/p>\n<table>\n<tbody>\n<tr>\n<td width=\"198\"><strong>Barri<\/strong><\/td>\n<td width=\"208\"><strong>Participants<\/strong><\/td>\n<td width=\"207\"><strong>N\u00famero de propostes<\/strong><\/td>\n<\/tr>\n<tr>\n<td width=\"198\">Priorat de la Bisbal<\/td>\n<td width=\"208\">51 persones<\/td>\n<td width=\"207\">14 propostes<\/td>\n<\/tr>\n<tr>\n<td width=\"198\">La Masieta<\/td>\n<td width=\"208\">9 persones<\/td>\n<td width=\"207\">11 propostes<\/td>\n<\/tr>\n<tr>\n<td width=\"198\">Can Gordei<\/td>\n<td width=\"208\">5 persones<\/td>\n<td width=\"207\">5 propostes<\/td>\n<\/tr>\n<tr>\n<td width=\"198\">Santa Cristina<\/td>\n<td width=\"208\">9 persones<\/td>\n<td width=\"207\">5 propostes<\/td>\n<\/tr>\n<tr>\n<td width=\"198\">L\u2019Ortig\u00f3s<\/td>\n<td width=\"208\">7 persones<\/td>\n<td width=\"207\">6 proposptes<\/td>\n<\/tr>\n<tr>\n<td width=\"198\">El Papagai<\/td>\n<td width=\"208\">6 persones<\/td>\n<td width=\"207\">7 propostes<\/td>\n<\/tr>\n<tr>\n<td width=\"198\">La Miralba<\/td>\n<td width=\"208\">14 persones<\/td>\n<td width=\"207\">10 propostes<\/td>\n<\/tr>\n<tr>\n<td width=\"198\">Nucli<\/td>\n<td width=\"208\">11 persones<\/td>\n<td width=\"207\">14 propostes<\/td>\n<\/tr>\n<\/tbody>\n<\/table>\n<p>&nbsp;<\/p>\n<p>&#8211;<strong>Tercera fase:<\/strong> una vegada plantejades les propostes l\u2019equip de govern va valorar-les i va desestimar aquelles que no podien tirar-se endavant amb el pressupost plantejat en cada zona, perqu\u00e8 no eren de compet\u00e8ncia municipal o perqu\u00e8 no eren viables.<\/p>\n<p>&#8211;<strong>Quarta fase:<\/strong> durant el mes de desembre es van fer les darreres nou reunions amb els ve\u00efns on l\u2019empresa exposava les propostes viables entre les quals s\u2019havia de triar. Tamb\u00e9 es van explicar els motius pels quals hi havia propostes que s\u2019havia considerat que no eren viables. En aquesta fase hi van participar un total de 67 persones.<\/p>\n<p><strong>Finalment es van decidir aquestes propostes:<\/strong><\/p>\n<table>\n<tbody>\n<tr>\n<td width=\"145\"><strong>BARRI<\/strong><\/td>\n<td width=\"103\"><strong>NOMBRE DE PARTICIPANTS<\/strong><\/td>\n<td width=\"204\"><strong>PROPOSTA GUANYADORA<\/strong><\/td>\n<td width=\"161\"><strong>EXPLICACI\u00d3, SI S\u2019ESCAU<\/strong><\/td>\n<\/tr>\n<tr>\n<td width=\"145\">Priorat de la Bisbal<\/td>\n<td width=\"103\">25<\/td>\n<td width=\"204\">Petit magatzem al local social i aparells saludables<\/td>\n<td width=\"161\">La votaci\u00f3 va estar molt igualada entre dues propostes i es va prendre la decisi\u00f3 de tirar endavant les dues de forma m\u00e9s redu\u00efda per no superar el pressupost assignat.<\/td>\n<\/tr>\n<tr>\n<td width=\"145\">L\u2019Esplai<\/td>\n<td width=\"103\">4<\/td>\n<td width=\"204\">Tendal a l\u2019exterior del local, climatitzar el local social, un cartell per indicar que el dimarts el bar est\u00e0 tancat (i nom\u00e9s s\u2019hi pot accedir per a les b\u00fasties de correus) i un prestatge d\u2019alumini pel local social<\/td>\n<td width=\"161\">Es va decidir tirar endavant les quatre propostes perqu\u00e8 no superen els 5.500\u20ac assignats.<\/td>\n<\/tr>\n<tr>\n<td width=\"145\">Can Gordei<\/td>\n<td width=\"103\">2<\/td>\n<td width=\"204\">Projecte de millora del parc infantil i repassar l\u2019asfaltat dels carrers en algunes zones on les arrels dels arbres han causat danys.<\/td>\n<td width=\"161\"><\/td>\n<\/tr>\n<tr>\n<td width=\"145\">La Miralba<\/td>\n<td width=\"103\">5<\/td>\n<td width=\"204\">Tanca de seguretat en els l\u00edmits de determinats carrers.<\/td>\n<td width=\"161\"><\/td>\n<\/tr>\n<tr>\n<td width=\"145\">Santa Cristina<\/td>\n<td width=\"103\">6<\/td>\n<td width=\"204\">Punts de Llum solar i un r\u00e8tol informatiu amb campanyes c\u00edviques.<\/td>\n<td width=\"161\"><\/td>\n<\/tr>\n<tr>\n<td width=\"145\">El Papagai<\/td>\n<td width=\"103\">3<\/td>\n<td width=\"204\">Pendent de decidir.<\/td>\n<td width=\"161\">Est\u00e0 pendent de decidir perqu\u00e8 les actuacions que havien presentat eren per actuacions sobre el local social que actualment no \u00e9s municipal, sin\u00f3 privat i, per tant, l\u2019Ajuntament no hi t\u00e9 compet\u00e8ncia.<\/td>\n<\/tr>\n<tr>\n<td width=\"145\">La Masieta<\/td>\n<td width=\"103\">5<\/td>\n<td width=\"204\">Instal\u00b7lar dos o tres punts de llum solar i un mirall al final d\u2019un carrer.<\/td>\n<td width=\"161\">S\u2019instal\u00b7laran dos o tres punts de llum solar en funci\u00f3 del pressupost disponible.<\/td>\n<\/tr>\n<tr>\n<td width=\"145\">Nucli<\/td>\n<td width=\"103\">14<\/td>\n<td width=\"204\">Arreglar el pas que hi ha entre l\u2019avda. Colom i el c\/Francesc Maci\u00e0.<\/td>\n<td width=\"161\">Aquest arranjament ja ascendir\u00e0 a l\u2019import destinat al nucli.<\/td>\n<\/tr>\n<tr>\n<td width=\"145\">L\u2019Ortig\u00f3s<\/td>\n<td width=\"103\">3<\/td>\n<td width=\"204\">Arreglar el conjunt de la font i el safareig del pou del com\u00fa.<\/td>\n<td width=\"161\"><\/td>\n<\/tr>\n<\/tbody>\n<\/table>\n<p>&nbsp;<\/p>\n<p>Segons l\u2019alcaldessa de la Bisbal, Agn\u00e8s Ferr\u00e9, \u201cla participaci\u00f3 ha estat d\u2019un 4% aproximadament del total de ciutadans de la Bisbal. \u00c9s una xifra que podem considerar baixa per\u00f2 cal tenir en compte la complexa situaci\u00f3 urban\u00edstica del municipi a l\u2019hora d\u2019analitzar-la\u201d. Segons Ferr\u00e9 \u201cel proc\u00e9s ha perm\u00e8s culminar amb \u00e8xit una estrat\u00e8gia de debat i decisi\u00f3, involucrant els ciutadans en l\u2019elecci\u00f3 de propostes senzilles per\u00f2 aplicades directament a la millora del seu benestar i entorn immediat\u201d.<\/p>\n","protected":false},"excerpt":{"rendered":"<p>El pressupost de l\u2019Ajuntament de la Bisbal del Pened\u00e8s per a l\u2019any 2018 inclou una partida de 60.000\u20ac destinada al \u2018Pressupost participatiu\u2019. Durant el 2017 l\u2019empresa Limonium ha realitzat reunions &hellip; <a href=\"https:\/\/bisbalpenedes.com\/web\/2018\/01\/19\/ja-podeu-consultar-els-resultats-del-pressupost-participatiu\/\" class=\"more-link\">Read More<\/a><\/p>\n","protected":false},"author":4,"featured_media":2174,"comment_status":"closed","ping_status":"closed","sticky":false,"template":"","format":"standard","meta":[],"categories":[1047,4],"tags":[77,198,1177,604,587,246,1048,520,282,623],"_links":{"self":[{"href":"https:\/\/bisbalpenedes.com\/web\/wp-json\/wp\/v2\/posts\/4404"}],"collection":[{"href":"https:\/\/bisbalpenedes.com\/web\/wp-json\/wp\/v2\/posts"}],"about":[{"href":"https:\/\/bisbalpenedes.com\/web\/wp-json\/wp\/v2\/types\/post"}],"author":[{"embeddable":true,"href":"https:\/\/bisbalpenedes.com\/web\/wp-json\/wp\/v2\/users\/4"}],"replies":[{"embeddable":true,"href":"https:\/\/bisbalpenedes.com\/web\/wp-json\/wp\/v2\/comments?post=4404"}],"version-history":[{"count":4,"href":"https:\/\/bisbalpenedes.com\/web\/wp-json\/wp\/v2\/posts\/4404\/revisions"}],"predecessor-version":[{"id":4429,"href":"https:\/\/bisbalpenedes.com\/web\/wp-json\/wp\/v2\/posts\/4404\/revisions\/4429"}],"wp:featuredmedia":[{"embeddable":true,"href":"https:\/\/bisbalpenedes.com\/web\/wp-json\/wp\/v2\/media\/2174"}],"wp:attachment":[{"href":"https:\/\/bisbalpenedes.com\/web\/wp-json\/wp\/v2\/media?parent=4404"}],"wp:term":[{"taxonomy":"category","embeddable":true,"href":"https:\/\/bisbalpenedes.com\/web\/wp-json\/wp\/v2\/categories?post=4404"},{"taxonomy":"post_tag","embeddable":true,"href":"https:\/\/bisbalpenedes.com\/web\/wp-json\/wp\/v2\/tags?post=4404"}],"curies":[{"name":"wp","href":"https:\/\/api.w.org\/{rel}","templated":true}]}}