{"id":4395,"date":"2018-01-18T18:45:43","date_gmt":"2018-01-18T17:45:43","guid":{"rendered":"http:\/\/bisbalpenedes.com\/web\/?p=4395"},"modified":"2018-01-18T23:40:35","modified_gmt":"2018-01-18T22:40:35","slug":"el-som-bisbal-canvia-dubicacio","status":"publish","type":"post","link":"https:\/\/bisbalpenedes.com\/web\/2018\/01\/18\/el-som-bisbal-canvia-dubicacio\/","title":{"rendered":"El SOM Bisbal canvia d&#8217;ubicaci\u00f3"},"content":{"rendered":"<p><strong><a href=\"http:\/\/bisbalpenedes.com\/web\/wp-content\/uploads\/2016\/03\/SOM_Bisbal.png\"><img loading=\"lazy\" class=\"aligncenter size-full wp-image-1415\" src=\"http:\/\/bisbalpenedes.com\/web\/wp-content\/uploads\/2016\/03\/SOM_Bisbal.png\" alt=\"SOM Bisbal\" width=\"364\" height=\"258\" srcset=\"https:\/\/bisbalpenedes.com\/web\/wp-content\/uploads\/2016\/03\/SOM_Bisbal.png 364w, https:\/\/bisbalpenedes.com\/web\/wp-content\/uploads\/2016\/03\/SOM_Bisbal-300x212.png 300w\" sizes=\"(max-width: 364px) 100vw, 364px\" \/><\/a><\/strong><\/p>\n<p>El SOM Bisbal ha canviat d\u2019ubicaci\u00f3. A partir d&#8217;ara el trobareu a l\u2019Hotel d\u2019Entitats, a la pla\u00e7a de l\u2019Esgl\u00e9sia. Els serveis que ofereix el SOM Bisbal, s\u00f3n:<\/p>\n<p style=\"padding-left: 30px;\">-Atenci\u00f3 personalitzada amb cita pr\u00e8via\/assessorament laboral<\/p>\n<p style=\"padding-left: 30px;\">-Suport inform\u00e0tic per inscriure\u2019s a la borsa<\/p>\n<p style=\"padding-left: 30px;\">-Ordinador per a la recerca de feina<\/p>\n<p style=\"padding-left: 30px;\">-Cursos de formaci\u00f3<\/p>\n<p style=\"padding-left: 30px;\">-Assessorament per a nous emprenedors<\/p>\n<p>A partir d\u2019aquesta setmana totes aquestes gestions es faran des de la nova ubicaci\u00f3 i, d\u2019aquesta manera, es podr\u00e0 descongestionar i agilitzar la feina en altres departaments de l\u2019Ajuntament. Com fins ara, els usuaris interessats en algun dels serveis cal que demanin cita pr\u00e8via trucant a les oficines municipals: 977688438.<\/p>\n","protected":false},"excerpt":{"rendered":"<p>El SOM Bisbal ha canviat d\u2019ubicaci\u00f3. A partir d&#8217;ara el trobareu a l\u2019Hotel d\u2019Entitats, a la pla\u00e7a de l\u2019Esgl\u00e9sia. Els serveis que ofereix el SOM Bisbal, s\u00f3n: -Atenci\u00f3 personalitzada amb &hellip; <a href=\"https:\/\/bisbalpenedes.com\/web\/2018\/01\/18\/el-som-bisbal-canvia-dubicacio\/\" class=\"more-link\">Read More<\/a><\/p>\n","protected":false},"author":4,"featured_media":1415,"comment_status":"closed","ping_status":"closed","sticky":false,"template":"","format":"standard","meta":[],"categories":[9],"tags":[41,12,1176,271],"_links":{"self":[{"href":"https:\/\/bisbalpenedes.com\/web\/wp-json\/wp\/v2\/posts\/4395"}],"collection":[{"href":"https:\/\/bisbalpenedes.com\/web\/wp-json\/wp\/v2\/posts"}],"about":[{"href":"https:\/\/bisbalpenedes.com\/web\/wp-json\/wp\/v2\/types\/post"}],"author":[{"embeddable":true,"href":"https:\/\/bisbalpenedes.com\/web\/wp-json\/wp\/v2\/users\/4"}],"replies":[{"embeddable":true,"href":"https:\/\/bisbalpenedes.com\/web\/wp-json\/wp\/v2\/comments?post=4395"}],"version-history":[{"count":2,"href":"https:\/\/bisbalpenedes.com\/web\/wp-json\/wp\/v2\/posts\/4395\/revisions"}],"predecessor-version":[{"id":4397,"href":"https:\/\/bisbalpenedes.com\/web\/wp-json\/wp\/v2\/posts\/4395\/revisions\/4397"}],"wp:featuredmedia":[{"embeddable":true,"href":"https:\/\/bisbalpenedes.com\/web\/wp-json\/wp\/v2\/media\/1415"}],"wp:attachment":[{"href":"https:\/\/bisbalpenedes.com\/web\/wp-json\/wp\/v2\/media?parent=4395"}],"wp:term":[{"taxonomy":"category","embeddable":true,"href":"https:\/\/bisbalpenedes.com\/web\/wp-json\/wp\/v2\/categories?post=4395"},{"taxonomy":"post_tag","embeddable":true,"href":"https:\/\/bisbalpenedes.com\/web\/wp-json\/wp\/v2\/tags?post=4395"}],"curies":[{"name":"wp","href":"https:\/\/api.w.org\/{rel}","templated":true}]}}