{"id":427,"date":"2013-02-01T16:50:31","date_gmt":"2013-02-01T10:50:31","guid":{"rendered":"http:\/\/bisbalpenedes.com\/web\/?p=427"},"modified":"2013-02-01T17:26:57","modified_gmt":"2013-02-01T11:26:57","slug":"signa-contra-les-retallades-lequip-de-govern-contra-les-retallades","status":"publish","type":"post","link":"https:\/\/bisbalpenedes.com\/web\/2013\/02\/01\/signa-contra-les-retallades-lequip-de-govern-contra-les-retallades\/","title":{"rendered":"Signa contra les retallades!. L&#8217;equip de govern contra les retallades"},"content":{"rendered":"<h2>L\u2019Equip de Govern de la Bisbal est\u00e0 en contra de les retallades de les pensions de Madrid.<\/h2>\n<p>Entre la Generalitat i el Govern de Madrid ens ho estant retallant tot, especialment Sanitat i Educaci\u00f3, que s\u00f3n els pilars b\u00e0sics per al ple desenvolupament de la societat que formem tots els ciutadans. No es lliura tampoc de les retallades la important Llei de la Depend\u00e8ncia, entre d\u2019altres.<\/p>\n<p>La min\u00e7a pujada de les pensions (entre un 1% i un 2%) que el Govern Central de Madrid ha aplicat als jubilats i pensionistes no es pot entendre d\u2019altra forma que \u201cretallada encoberta\u201d, ja que aquest irrisori augment no compensa l\u2019augment real que afecta el cost de la vida.<br \/>\nEl govern d\u2019Espanya, amb \u201cretallades\u201d encara fa m\u00e9s palesa la crisi econ\u00f2mica en un colectiu: el dels nostres avis. Uns avis, que com a bons pares emparen els seus fills, essent moltes vegades l\u2019arresser per a moltes fam\u00edlies, ja que molts fills joves i no tan joves, compten amb l\u2019\u00fanic ingr\u00e9s de la pensi\u00f3 dels pares, havent hagut de tornar a viure amb ells.<\/p>\n<p><strong>Com a Alcalde i junt amb l\u2019Equip de Govern estem molt sensibilitzats davant de<br \/>\ntanta retallada, davant de tanta injust\u00edcia discriminada<br \/>\ncontra treballadors, aturats, jubilats i pensionistes.<br \/>\nEns estan desballestant l\u2019estat del benestar. NO POT SER! Ho hem d\u2019aturar!<br \/>\nsigna contra les retallades!!,<br \/>\ntreballador, pensionista, jubilat, ciutad\u00e0, ens afecta a tots!!, <\/strong><\/p>\n<p>Es lliuraran al President de l\u2019Estat Espanyol i al President de la Generalitat per a que s\u00e0piguen que la Bisbal del Pened\u00e8s \u00e9s un municipi descontent amb les retallades.<\/p>\n<p>&nbsp;<\/p>\n<h1>POTS VINDRE A L&#8217;AJUNTAMENT, SIGNAR I DIPOSITAR LA SIGNATURA EN UNA URNA QUE TENIM A LA TEVA DISPOSICI\u00d3<\/h1>\n<p><a href=\"http:\/\/bisbalpenedes.com\/web\/wp-content\/uploads\/2013\/02\/retallades.jpg\"><img loading=\"lazy\" class=\"aligncenter size-medium wp-image-428\" title=\"retallades\" src=\"http:\/\/bisbalpenedes.com\/web\/wp-content\/uploads\/2013\/02\/retallades-300x224.jpg\" alt=\"\" width=\"300\" height=\"224\" srcset=\"https:\/\/bisbalpenedes.com\/web\/wp-content\/uploads\/2013\/02\/retallades-300x224.jpg 300w, https:\/\/bisbalpenedes.com\/web\/wp-content\/uploads\/2013\/02\/retallades-600x448.jpg 600w, https:\/\/bisbalpenedes.com\/web\/wp-content\/uploads\/2013\/02\/retallades-1024x764.jpg 1024w\" sizes=\"(max-width: 300px) 100vw, 300px\" \/><\/a><\/p>\n","protected":false},"excerpt":{"rendered":"<p>L\u2019Equip de Govern de la Bisbal est\u00e0 en contra de les retallades de les pensions de Madrid. Entre la Generalitat i el Govern de Madrid ens ho estant retallant tot, &hellip; <a href=\"https:\/\/bisbalpenedes.com\/web\/2013\/02\/01\/signa-contra-les-retallades-lequip-de-govern-contra-les-retallades\/\" class=\"more-link\">Read More<\/a><\/p>\n","protected":false},"author":1,"featured_media":428,"comment_status":"closed","ping_status":"open","sticky":false,"template":"","format":"standard","meta":[],"categories":[8,5],"tags":[52],"_links":{"self":[{"href":"https:\/\/bisbalpenedes.com\/web\/wp-json\/wp\/v2\/posts\/427"}],"collection":[{"href":"https:\/\/bisbalpenedes.com\/web\/wp-json\/wp\/v2\/posts"}],"about":[{"href":"https:\/\/bisbalpenedes.com\/web\/wp-json\/wp\/v2\/types\/post"}],"author":[{"embeddable":true,"href":"https:\/\/bisbalpenedes.com\/web\/wp-json\/wp\/v2\/users\/1"}],"replies":[{"embeddable":true,"href":"https:\/\/bisbalpenedes.com\/web\/wp-json\/wp\/v2\/comments?post=427"}],"version-history":[{"count":4,"href":"https:\/\/bisbalpenedes.com\/web\/wp-json\/wp\/v2\/posts\/427\/revisions"}],"predecessor-version":[{"id":430,"href":"https:\/\/bisbalpenedes.com\/web\/wp-json\/wp\/v2\/posts\/427\/revisions\/430"}],"wp:featuredmedia":[{"embeddable":true,"href":"https:\/\/bisbalpenedes.com\/web\/wp-json\/wp\/v2\/media\/428"}],"wp:attachment":[{"href":"https:\/\/bisbalpenedes.com\/web\/wp-json\/wp\/v2\/media?parent=427"}],"wp:term":[{"taxonomy":"category","embeddable":true,"href":"https:\/\/bisbalpenedes.com\/web\/wp-json\/wp\/v2\/categories?post=427"},{"taxonomy":"post_tag","embeddable":true,"href":"https:\/\/bisbalpenedes.com\/web\/wp-json\/wp\/v2\/tags?post=427"}],"curies":[{"name":"wp","href":"https:\/\/api.w.org\/{rel}","templated":true}]}}