{"id":4238,"date":"2018-01-15T17:42:13","date_gmt":"2018-01-15T16:42:13","guid":{"rendered":"http:\/\/bisbalpenedes.com\/web\/?p=4238"},"modified":"2018-01-15T17:43:34","modified_gmt":"2018-01-15T16:43:34","slug":"lajuntament-ha-fet-un-conveni-de-col_laboracio-social-per-contractar-una-persona-perque-desbrossi-zones-verdes-del-municipi","status":"publish","type":"post","link":"https:\/\/bisbalpenedes.com\/web\/2018\/01\/15\/lajuntament-ha-fet-un-conveni-de-col_laboracio-social-per-contractar-una-persona-perque-desbrossi-zones-verdes-del-municipi\/","title":{"rendered":"L\u2019Ajuntament ha fet un conveni de col.laboraci\u00f3 social per contractar una persona perqu\u00e8 desbrossi zones verdes del municipi"},"content":{"rendered":"<p>L\u2019Ajuntament de la Bisbal del Pened\u00e8s, a trav\u00e9s de les regidories d&#8217;Ocupaci\u00f3 i Medi Ambient, ha sol\u00b7licitat al SOC, per tercer any consecutiu, un conveni de col\u00b7laboraci\u00f3 social per sol\u00b7licitar un pe\u00f3 forestal. La Bisbal, en ser un municipi de menys de 5000 habitants, no pot tirar endavant plans d\u2019ocupaci\u00f3 i aquests convenis s\u00f3n les \u00faniques eines que pot emprar, ja que s\u2019adrecen a\u00a0 administracions p\u00fabliques.<\/p>\n<p>Els convenis de col\u00b7laboraci\u00f3 social s\u00f3n contractes que l\u2019Ajuntament de la Bisbal realitza amb persones que s\u00f3n de la Bisbal i que estan donades d\u2019alta al Servei d\u2019Ocupaci\u00f3 de Catalunya (SOC) com a demandants de feina i cobrant subsidi d\u2019atur o l\u2019ajuda. Quan aquestes persones treballen mitjan\u00e7ant el conveni, segueixen cobrant l\u2019atur i l\u2019Ajuntament paga la difer\u00e8ncia fins arribar a l\u2019import que cobrava en la seva \u00faltima n\u00f2mina (per exemple, si la persona cobra 600 euros d\u2019atur i cobrava 1200\u20ac a la seva \u00faltima n\u00f2mina, l\u2019Ajuntament li pagaria la difer\u00e8ncia, 600\u20ac). Un dels requisits indispensables dels programes de col\u00b7laboraci\u00f3 social \u00e9s que les feines siguin d\u2019utilitat social i que benefici\u00efn a la comunitat.<\/p>\n<p>En aquesta ocasi\u00f3 l\u2019Ajuntament de la Bisbal s\u2019ha decidit pel perfil de pe\u00f3 forestal perqu\u00e8 la Bisbal t\u00e9 moltes zones verdes d\u2019urbanitzacions per netejar cada any i, per normativa, aquesta feina nom\u00e9s pot fer-se d\u2019octubre a maig. Aix\u00ed, al setembre es va fer la sol\u00b7licitud per iniciar els treballs a l\u2019octubre per\u00f2 fins al desembre no ha arribat l\u2019autoritzaci\u00f3. Al desembre, un cop s\u2019havia rebut l\u2019autoritzaci\u00f3, es va demanar el llistat de persones empadronades i donades d\u2019alta al SOC que cobressin l\u2019atur o l\u2019ajuda fins a finals de maig, com a m\u00ednim.<\/p>\n<p>Des de SOM Bisbal es va enviar un correu a totes les persones que estan donades d\u2019alta al servei SOM Bisbal explicant-los el tipus de feina que s\u2019hauria de fer i fent-los saber que si estan empadronats i cobren l\u2019atur o el subsidi, es podien apuntar fins al 31 de desembre. A aquesta crida van respondre 5 persones interessades, les dades de les quals van ser redirigides al SOC perqu\u00e8 comprovessin si complien els requisits. Des del SOC van respondre que cap d\u2019aquestes persones no tenien atur o subsidi fins a finals de maig i, per aix\u00f2, no es poden adherir a aquest conveni.<\/p>\n<p>Posteriorment, des del SOC, es va fer arribar un llistat amb 26 persones que complien els requisits, de les quals dues es van mostrar interessades en fer aquesta feina (val a dir que n\u2019hi ha cinc que\u00a0 no s\u2019han pogut localitzar). Aleshores, van fer una entrevista amb el SOM i el dimarts 9 de gener va comen\u00e7ar a treballar una persona en el marc d\u2019aquest contracte, ja que l\u2019altra finalment es va fer enrere. Algunes de les zones on far\u00e0 tasques de desbrossat en zones verdes s\u00f3n: La Miralba, el Priorat i l\u2019Esplai.<\/p>\n<p>Podeu trobar m\u00e9s informaci\u00f3 sobre els convenis de col\u00b7laboraci\u00f3 social a l\u2019enlla\u00e7: <a href=\"http:\/\/serveiocupacio.gencat.cat\/ca\/entitats-i-proveidors\/programes-de-collaboracio-social\/\">http:\/\/serveiocupacio.gencat.cat\/ca\/entitats-i-proveidors\/programes-de-collaboracio-social\/<\/a><\/p>\n","protected":false},"excerpt":{"rendered":"<p>L\u2019Ajuntament de la Bisbal del Pened\u00e8s, a trav\u00e9s de les regidories d&#8217;Ocupaci\u00f3 i Medi Ambient, ha sol\u00b7licitat al SOC, per tercer any consecutiu, un conveni de col\u00b7laboraci\u00f3 social per sol\u00b7licitar &hellip; <a href=\"https:\/\/bisbalpenedes.com\/web\/2018\/01\/15\/lajuntament-ha-fet-un-conveni-de-col_laboracio-social-per-contractar-una-persona-perque-desbrossi-zones-verdes-del-municipi\/\" class=\"more-link\">Read More<\/a><\/p>\n","protected":false},"author":4,"featured_media":4239,"comment_status":"closed","ping_status":"closed","sticky":false,"template":"","format":"standard","meta":[],"categories":[32,9],"tags":[1168,276,246,361,10,520,263,271,1169],"_links":{"self":[{"href":"https:\/\/bisbalpenedes.com\/web\/wp-json\/wp\/v2\/posts\/4238"}],"collection":[{"href":"https:\/\/bisbalpenedes.com\/web\/wp-json\/wp\/v2\/posts"}],"about":[{"href":"https:\/\/bisbalpenedes.com\/web\/wp-json\/wp\/v2\/types\/post"}],"author":[{"embeddable":true,"href":"https:\/\/bisbalpenedes.com\/web\/wp-json\/wp\/v2\/users\/4"}],"replies":[{"embeddable":true,"href":"https:\/\/bisbalpenedes.com\/web\/wp-json\/wp\/v2\/comments?post=4238"}],"version-history":[{"count":2,"href":"https:\/\/bisbalpenedes.com\/web\/wp-json\/wp\/v2\/posts\/4238\/revisions"}],"predecessor-version":[{"id":4241,"href":"https:\/\/bisbalpenedes.com\/web\/wp-json\/wp\/v2\/posts\/4238\/revisions\/4241"}],"wp:featuredmedia":[{"embeddable":true,"href":"https:\/\/bisbalpenedes.com\/web\/wp-json\/wp\/v2\/media\/4239"}],"wp:attachment":[{"href":"https:\/\/bisbalpenedes.com\/web\/wp-json\/wp\/v2\/media?parent=4238"}],"wp:term":[{"taxonomy":"category","embeddable":true,"href":"https:\/\/bisbalpenedes.com\/web\/wp-json\/wp\/v2\/categories?post=4238"},{"taxonomy":"post_tag","embeddable":true,"href":"https:\/\/bisbalpenedes.com\/web\/wp-json\/wp\/v2\/tags?post=4238"}],"curies":[{"name":"wp","href":"https:\/\/api.w.org\/{rel}","templated":true}]}}