{"id":4231,"date":"2018-01-26T16:34:28","date_gmt":"2018-01-26T15:34:28","guid":{"rendered":"http:\/\/bisbalpenedes.com\/web\/?p=4231"},"modified":"2018-01-31T13:18:15","modified_gmt":"2018-01-31T12:18:15","slug":"el-diumenge-28-de-gener-podreu-veure-la-pellicula-tierra-firme-al-cmc-en-el-marc-del-cicle-gaudi","status":"publish","type":"post","link":"https:\/\/bisbalpenedes.com\/web\/2018\/01\/26\/el-diumenge-28-de-gener-podreu-veure-la-pellicula-tierra-firme-al-cmc-en-el-marc-del-cicle-gaudi\/","title":{"rendered":"El diumenge 4 de febrer podreu veure la pel\u00b7l\u00edcula &#8216;Tierra firme&#8217; al CMC en el marc del Cicle Gaud\u00ed"},"content":{"rendered":"<p><a href=\"http:\/\/bisbalpenedes.com\/web\/wp-content\/uploads\/2018\/01\/cartell_gaudi_FEB_18.jpg\"><img loading=\"lazy\" class=\"aligncenter size-full wp-image-4509\" src=\"http:\/\/bisbalpenedes.com\/web\/wp-content\/uploads\/2018\/01\/cartell_gaudi_FEB_18.jpg\" alt=\"cartell_gaudi_FEB_18\" width=\"602\" height=\"837\" srcset=\"https:\/\/bisbalpenedes.com\/web\/wp-content\/uploads\/2018\/01\/cartell_gaudi_FEB_18.jpg 602w, https:\/\/bisbalpenedes.com\/web\/wp-content\/uploads\/2018\/01\/cartell_gaudi_FEB_18-600x834.jpg 600w, https:\/\/bisbalpenedes.com\/web\/wp-content\/uploads\/2018\/01\/cartell_gaudi_FEB_18-216x300.jpg 216w\" sizes=\"(max-width: 602px) 100vw, 602px\" \/><\/a><\/p>\n<p>El diumenge 4 de febrer (i no el diumenge 28 de gener, com s\u2019havia previst inicialment), a les 18h, podeu veure la com\u00e8dia &#8216;Tierra firme&#8217; del director Carlos Marqu\u00e9s-Marcet a l&#8217;Auditori Salb\u00e0 del CMC, guardonada amb el Premi Gaud\u00ed a la Millor Pel\u00b7l\u00edcula en llengua no catalana.<\/p>\n<p><a href=\"http:\/\/bisbalpenedes.com\/web\/wp-content\/uploads\/2018\/01\/VISUAL_A3_TIERRA_FIRME_LA_BISBAL_PENEDES.jpg\"><br \/>\n<\/a>FITXA\u00a0T\u00c8CNICA<\/p>\n<div class=\"wpb_text_column wpb_content_element \">\n<div class=\"wpb_wrapper\">\n<p>\u00a0Direcci\u00f3:\u00a0<strong>Carlos Marqu\u00e9s-Marcet<\/strong><\/p>\n<p>Gui\u00f3:\u00a0<strong>Carlos Marqu\u00e9s-Marcet , Jules Nurrish<\/strong><\/p>\n<p>M\u00fasica:\u00a0<strong>Merche Blasco<\/strong><\/p>\n<p>Estrena:\u00a0<strong>Novembre de 2017<\/strong><\/p>\n<p>Durada:\u00a0<strong>113\u00a0min.<\/strong><\/p>\n<p>G\u00e8nere:\u00a0<strong>Com\u00e8dia<\/strong><\/p>\n<p>Versi\u00f3:\u00a0<strong>Original angl\u00e8s i castell\u00e0 amb subt\u00edtols en catal\u00e0<\/strong><\/p>\n<p>Int\u00e8rprets:<\/p>\n<p><strong>Oona Chaplin, Natalia Tena, David Verdaguer, Geraldine Chaplin<\/strong><\/p>\n<p>&nbsp;<\/p>\n<\/div>\n<h4><span style=\"text-decoration: underline;\">SINOPSI:<\/span><\/h4>\n<p>Dues dones, l\u2019Eva i la Kat, i el millor amic d\u2019una d\u2019elles, en Roger. Un vaixell als canals de Londres i una pregunta: \u00e9s possible viure l\u2019amor, la fam\u00edlia, i la vida de maneres tan diferents i tot i aix\u00ed mantenir-se units?<\/p>\n<p><strong>Tr\u00e0iler:<\/strong><\/p>\n<\/div>\n<p style=\"text-align: center;\"><iframe loading=\"lazy\" src=\"https:\/\/www.youtube.com\/embed\/VlNzm7i-UgA\" width=\"560\" height=\"315\" frameborder=\"0\" allowfullscreen=\"allowfullscreen\"><\/iframe><\/p>\n<p style=\"text-align: center;\"><strong>\u00a0Falca radiof\u00f2nica:<\/strong><br \/>\n<iframe loading=\"lazy\" src=\"https:\/\/w.soundcloud.com\/player\/?url=https%3A\/\/api.soundcloud.com\/tracks\/383943179&amp;color=%23ff5500&amp;auto_play=false&amp;hide_related=false&amp;show_comments=true&amp;show_user=true&amp;show_reposts=false&amp;show_teaser=true&amp;visual=true\" width=\"100%\" height=\"300\" frameborder=\"no\" scrolling=\"no\"><\/iframe><\/p>\n<p>El preu general de l\u2019entrada ser\u00e0 de 4,5\u20ac i un preu redu\u00eft de 3\u20ac presentant el carnet de la Biblioteca Municipal de La Bisbal.<\/p>\n<p>Quant a la recaptaci\u00f3, aquesta es destinar\u00e0 a l\u2019entitat del poble que s\u2019encarregui de gestionar la taquilla en cadascuna de les projeccions, en aquest cas la Colla Castellera Bous de la Bisbal.<\/p>\n","protected":false},"excerpt":{"rendered":"<p>El diumenge 4 de febrer (i no el diumenge 28 de gener, com s\u2019havia previst inicialment), a les 18h, podeu veure la com\u00e8dia &#8216;Tierra firme&#8217; del director Carlos Marqu\u00e9s-Marcet a &hellip; <a href=\"https:\/\/bisbalpenedes.com\/web\/2018\/01\/26\/el-diumenge-28-de-gener-podreu-veure-la-pellicula-tierra-firme-al-cmc-en-el-marc-del-cicle-gaudi\/\" class=\"more-link\">Read More<\/a><\/p>\n","protected":false},"author":4,"featured_media":4509,"comment_status":"closed","ping_status":"closed","sticky":false,"template":"","format":"standard","meta":[],"categories":[13],"tags":[755,1165,308,307,226,1167,1163,869,1161,1166,1162,1160,771,1164],"_links":{"self":[{"href":"https:\/\/bisbalpenedes.com\/web\/wp-json\/wp\/v2\/posts\/4231"}],"collection":[{"href":"https:\/\/bisbalpenedes.com\/web\/wp-json\/wp\/v2\/posts"}],"about":[{"href":"https:\/\/bisbalpenedes.com\/web\/wp-json\/wp\/v2\/types\/post"}],"author":[{"embeddable":true,"href":"https:\/\/bisbalpenedes.com\/web\/wp-json\/wp\/v2\/users\/4"}],"replies":[{"embeddable":true,"href":"https:\/\/bisbalpenedes.com\/web\/wp-json\/wp\/v2\/comments?post=4231"}],"version-history":[{"count":8,"href":"https:\/\/bisbalpenedes.com\/web\/wp-json\/wp\/v2\/posts\/4231\/revisions"}],"predecessor-version":[{"id":4510,"href":"https:\/\/bisbalpenedes.com\/web\/wp-json\/wp\/v2\/posts\/4231\/revisions\/4510"}],"wp:featuredmedia":[{"embeddable":true,"href":"https:\/\/bisbalpenedes.com\/web\/wp-json\/wp\/v2\/media\/4509"}],"wp:attachment":[{"href":"https:\/\/bisbalpenedes.com\/web\/wp-json\/wp\/v2\/media?parent=4231"}],"wp:term":[{"taxonomy":"category","embeddable":true,"href":"https:\/\/bisbalpenedes.com\/web\/wp-json\/wp\/v2\/categories?post=4231"},{"taxonomy":"post_tag","embeddable":true,"href":"https:\/\/bisbalpenedes.com\/web\/wp-json\/wp\/v2\/tags?post=4231"}],"curies":[{"name":"wp","href":"https:\/\/api.w.org\/{rel}","templated":true}]}}