{"id":4216,"date":"2018-01-12T19:06:29","date_gmt":"2018-01-12T18:06:29","guid":{"rendered":"http:\/\/bisbalpenedes.com\/web\/?p=4216"},"modified":"2018-01-12T19:52:28","modified_gmt":"2018-01-12T18:52:28","slug":"la-bisbal-del-penedes-ha-acollit-aquest-dijous-11-de-gener-de-linici-oficial-de-la-temporada-dels-tres-tombs-a-catalunya","status":"publish","type":"post","link":"https:\/\/bisbalpenedes.com\/web\/2018\/01\/12\/la-bisbal-del-penedes-ha-acollit-aquest-dijous-11-de-gener-de-linici-oficial-de-la-temporada-dels-tres-tombs-a-catalunya\/","title":{"rendered":"La Bisbal del Pened\u00e8s ha acollit aquest dijous 11 de gener de l\u2019inici oficial de la temporada dels Tres Tombs a Catalunya"},"content":{"rendered":"<p><a href=\"http:\/\/bisbalpenedes.com\/web\/wp-content\/uploads\/2018\/01\/IMG_86221.jpg\"><img loading=\"lazy\" class=\"aligncenter size-large wp-image-4217\" src=\"http:\/\/bisbalpenedes.com\/web\/wp-content\/uploads\/2018\/01\/IMG_86221-1024x768.jpg\" alt=\"IMG_8622[1]\" width=\"630\" height=\"473\" srcset=\"https:\/\/bisbalpenedes.com\/web\/wp-content\/uploads\/2018\/01\/IMG_86221-1024x768.jpg 1024w, https:\/\/bisbalpenedes.com\/web\/wp-content\/uploads\/2018\/01\/IMG_86221-600x450.jpg 600w, https:\/\/bisbalpenedes.com\/web\/wp-content\/uploads\/2018\/01\/IMG_86221-300x225.jpg 300w, https:\/\/bisbalpenedes.com\/web\/wp-content\/uploads\/2018\/01\/IMG_86221-768x576.jpg 768w\" sizes=\"(max-width: 630px) 100vw, 630px\" \/><\/a><\/p>\n<p style=\"text-align: center;\"><strong>El municipi baixpenedesenc ser\u00e0 la seu de la Trobada Nacional dels Tres Tombs el proper mes de maig<\/strong><\/p>\n<p>Aquest dijous 11 de gener l\u2019Auditori Salb\u00e0 del Centre Municipal de Cultura (CMC) de la Bisbal s\u2019ha omplert de gom a gom per acollir la inauguraci\u00f3 de la Temporada dels Tres Tombs a Catalunya. La pregonera d\u2019enguany ha estat l\u2019alcaldessa de Vilanova i la Geltr\u00fa, Neus Lloveras, que ha destacat que la de Sant Antoni \u00e9s una de les principals celebracions del calendari d\u2019hivern i ha subratllat que els Tres Tombs \u201c\u00e9s una festa per a tots els p\u00fablics i edats per\u00f2 estic conven\u00e7uda que la mainada \u00e9s un p\u00fablic especial\u201d, ja que els nens viuen aquesta festa amb molta il\u00b7lusi\u00f3. Entre els punts forts de la festa ha destacat la uni\u00f3 familiar, el foment de l\u2019associacionisme i la col\u00b7laboraci\u00f3 entre municipis.\u00a0 Quant als reptes de futur ha remarcat que cal tenir capacitat de transmetre els valors de generaci\u00f3 en generaci\u00f3 i ampliar la participaci\u00f3.<\/p>\n<p><a href=\"http:\/\/bisbalpenedes.com\/web\/wp-content\/uploads\/2018\/01\/IMG_84991.jpg\"><img loading=\"lazy\" class=\"aligncenter size-large wp-image-4218\" src=\"http:\/\/bisbalpenedes.com\/web\/wp-content\/uploads\/2018\/01\/IMG_84991-1024x768.jpg\" alt=\"IMG_8499[1]\" width=\"630\" height=\"473\" srcset=\"https:\/\/bisbalpenedes.com\/web\/wp-content\/uploads\/2018\/01\/IMG_84991-1024x768.jpg 1024w, https:\/\/bisbalpenedes.com\/web\/wp-content\/uploads\/2018\/01\/IMG_84991-600x450.jpg 600w, https:\/\/bisbalpenedes.com\/web\/wp-content\/uploads\/2018\/01\/IMG_84991-300x225.jpg 300w, https:\/\/bisbalpenedes.com\/web\/wp-content\/uploads\/2018\/01\/IMG_84991-768x576.jpg 768w\" sizes=\"(max-width: 630px) 100vw, 630px\" \/><\/a><\/p>\n<p>Lloveras creu que cal anar trobant la manera de reformular la festa, de renovar-la amb naturalitat, i ha assenyalat com a repte principal \u201caconseguir que la festa no s\u2019associ\u00ef al passat\u201d sin\u00f3 al present i al futur, sense perdre de vista que s\u2019est\u00e0 preservant la mem\u00f2ria hist\u00f2rica.<\/p>\n<p>Lloveras, que va recon\u00e8ixer que havia comen\u00e7at a seguir la tradici\u00f3 dels Tres Tombs ja de gran, amb fills, va explicar que \u201cper la meva experi\u00e8ncia d\u2019espectadora dels Tres Tombs, nom\u00e9s puc dedicar un homenatge i un agra\u00efment a les persones que fan possible la festa i que ens permeten viure un dia de retrobament entre els mons passats i actuals, que ens evoquen altres \u00e8poques i ens fan somiar, mentre ens quedem embadalits amb la bellesa de la cavalcada, que tamb\u00e9 som genets privilegiats d\u2019aquelles b\u00e8sties d\u2019aparen\u00e7a d\u00f2cil, raspallades i guarnides amb els abillaments m\u00e9s elegants\u201d.<\/p>\n<p>Durant la seva intervenci\u00f3, el Director Territorial dels Serveis de Cultura de la Generalitat de Catalunya, Jordi Agr\u00e0s, ha destacat la gran quantitat de feina que hi ha al darrere de la preparaci\u00f3 d\u2019esdeveniments com aquest i ha aprofitat el seu torn per mostrar el seu agra\u00efment cap a la gent que fa possible aquesta celebraci\u00f3.<\/p>\n<p><a href=\"http:\/\/bisbalpenedes.com\/web\/wp-content\/uploads\/2018\/01\/IMG_85061.jpg\"><img loading=\"lazy\" class=\"aligncenter size-large wp-image-4219\" src=\"http:\/\/bisbalpenedes.com\/web\/wp-content\/uploads\/2018\/01\/IMG_85061-1024x768.jpg\" alt=\"IMG_8506[1]\" width=\"630\" height=\"473\" srcset=\"https:\/\/bisbalpenedes.com\/web\/wp-content\/uploads\/2018\/01\/IMG_85061-1024x768.jpg 1024w, https:\/\/bisbalpenedes.com\/web\/wp-content\/uploads\/2018\/01\/IMG_85061-600x450.jpg 600w, https:\/\/bisbalpenedes.com\/web\/wp-content\/uploads\/2018\/01\/IMG_85061-300x225.jpg 300w, https:\/\/bisbalpenedes.com\/web\/wp-content\/uploads\/2018\/01\/IMG_85061-768x576.jpg 768w\" sizes=\"(max-width: 630px) 100vw, 630px\" \/><\/a><\/p>\n<p>La Presidenta de la Federaci\u00f3 Catalana dels Tres Tombs ha subratllat durant el seu parlament que aquest 2018 finalitza el mandat de la junta actual i ha volgut destacar els tres pregons que m\u00e9s l\u2019han marcat com a presidenta: Martorell, Valls i Sant Joan Desp\u00ed.<\/p>\n<p><a href=\"http:\/\/bisbalpenedes.com\/web\/wp-content\/uploads\/2018\/01\/IMG_84911.jpg\"><img loading=\"lazy\" class=\"aligncenter size-large wp-image-4220\" src=\"http:\/\/bisbalpenedes.com\/web\/wp-content\/uploads\/2018\/01\/IMG_84911-1024x768.jpg\" alt=\"IMG_8491[1]\" width=\"630\" height=\"473\" srcset=\"https:\/\/bisbalpenedes.com\/web\/wp-content\/uploads\/2018\/01\/IMG_84911-1024x768.jpg 1024w, https:\/\/bisbalpenedes.com\/web\/wp-content\/uploads\/2018\/01\/IMG_84911-600x450.jpg 600w, https:\/\/bisbalpenedes.com\/web\/wp-content\/uploads\/2018\/01\/IMG_84911-300x225.jpg 300w, https:\/\/bisbalpenedes.com\/web\/wp-content\/uploads\/2018\/01\/IMG_84911-768x576.jpg 768w\" sizes=\"(max-width: 630px) 100vw, 630px\" \/><\/a><\/p>\n<p>Guasch ha aprofitat la seva condici\u00f3 de vallenca per fer un s\u00edmil comparatiu entre el m\u00f3n casteller i els tres tombs, destacant que creu que fer pinya \u00e9s el\u00a0 m\u00e9s important tamb\u00e9 en els Tres Tombs.<\/p>\n<p>L\u2019Alcaldessa de la Bisbal, Agn\u00e8s Ferr\u00e9, ha explicat com va anar la recuperaci\u00f3 de la festa l\u2019any 2017 despr\u00e9s que l\u2019any 2010 es deix\u00e9s de fer perqu\u00e8 l\u2019equip de govern d\u2019aleshores no va autoritzar el pas de carros i cavalls per l\u2019interior del municipi. Alhora, ha\u00a0 posat en valor la gran feina que van fer en el seu\u00a0 moment els organitzadors dels Tres Tombs a la Bisbal, que ara col\u00b7laboren amb l\u2019Ajuntament per poder fer possible aquesta festa. Ferr\u00e9 ha\u00a0 destacat que \u201cel 2017 va fer 25 anys dels primers Tres Tombs organitzats a la Bisbal i, des de la Regidoria de Cultura, amb la Judith Vidal al capdavant, es va decidir que la millor manera de celebrar aquests 25 anys i, de passada, fer un homenatge a la junta que va comen\u00e7ar-los a celebrar, era oferir-nos a acollir la Trobada Nacional de la Federaci\u00f3 dels 3 Tombs de Catalunya a La Bisbal del Pened\u00e8s d\u2019aquest 2018\u201d.<\/p>\n<p><a href=\"http:\/\/bisbalpenedes.com\/web\/wp-content\/uploads\/2018\/01\/IMG_85391-e1515780223309.jpg\"><img loading=\"lazy\" class=\"aligncenter size-large wp-image-4221\" src=\"http:\/\/bisbalpenedes.com\/web\/wp-content\/uploads\/2018\/01\/IMG_85391-e1515780223309-1024x852.jpg\" alt=\"IMG_8539[1]\" width=\"630\" height=\"524\" srcset=\"https:\/\/bisbalpenedes.com\/web\/wp-content\/uploads\/2018\/01\/IMG_85391-e1515780223309-1024x852.jpg 1024w, https:\/\/bisbalpenedes.com\/web\/wp-content\/uploads\/2018\/01\/IMG_85391-e1515780223309-600x499.jpg 600w, https:\/\/bisbalpenedes.com\/web\/wp-content\/uploads\/2018\/01\/IMG_85391-e1515780223309-300x250.jpg 300w, https:\/\/bisbalpenedes.com\/web\/wp-content\/uploads\/2018\/01\/IMG_85391-e1515780223309-768x639.jpg 768w\" sizes=\"(max-width: 630px) 100vw, 630px\" \/><\/a><\/p>\n<p>L\u2019acte ha finalitzat amb l\u2019entrega de premis de la Lliga de Manejabilitat amb carro de pag\u00e8s que han estat els seg\u00fcents:<\/p>\n<ul>\n<li>Primer premi: Johonny Mart\u00ed<\/li>\n<li>Segon premi: Sergi Costa<\/li>\n<li>Tercer premi: Joan Estap\u00e9<\/li>\n<li><a href=\"http:\/\/bisbalpenedes.com\/web\/wp-content\/uploads\/2018\/01\/IMG_86181.jpg\"><img loading=\"lazy\" class=\"aligncenter size-large wp-image-4222\" src=\"http:\/\/bisbalpenedes.com\/web\/wp-content\/uploads\/2018\/01\/IMG_86181-1024x768.jpg\" alt=\"IMG_8618[1]\" width=\"630\" height=\"473\" srcset=\"https:\/\/bisbalpenedes.com\/web\/wp-content\/uploads\/2018\/01\/IMG_86181-1024x768.jpg 1024w, https:\/\/bisbalpenedes.com\/web\/wp-content\/uploads\/2018\/01\/IMG_86181-600x450.jpg 600w, https:\/\/bisbalpenedes.com\/web\/wp-content\/uploads\/2018\/01\/IMG_86181-300x225.jpg 300w, https:\/\/bisbalpenedes.com\/web\/wp-content\/uploads\/2018\/01\/IMG_86181-768x576.jpg 768w\" sizes=\"(max-width: 630px) 100vw, 630px\" \/><\/a><\/li>\n<\/ul>\n<p>En acabar l\u2019acte, l\u2019Ajuntament de la Bisbal del Pened\u00e8s ha convidat a un tall de coca i a una copa de cava als assistents.<\/p>\n<p>&nbsp;<\/p>\n","protected":false},"excerpt":{"rendered":"<p>El municipi baixpenedesenc ser\u00e0 la seu de la Trobada Nacional dels Tres Tombs el proper mes de maig Aquest dijous 11 de gener l\u2019Auditori Salb\u00e0 del Centre Municipal de Cultura &hellip; <a href=\"https:\/\/bisbalpenedes.com\/web\/2018\/01\/12\/la-bisbal-del-penedes-ha-acollit-aquest-dijous-11-de-gener-de-linici-oficial-de-la-temporada-dels-tres-tombs-a-catalunya\/\" class=\"more-link\">Read More<\/a><\/p>\n","protected":false},"author":4,"featured_media":4217,"comment_status":"closed","ping_status":"closed","sticky":false,"template":"","format":"standard","meta":[],"categories":[13],"tags":[1151,1154,1157,1156,1119,236,1158,1152,1149,1155,937,932,1150,228,1153],"_links":{"self":[{"href":"https:\/\/bisbalpenedes.com\/web\/wp-json\/wp\/v2\/posts\/4216"}],"collection":[{"href":"https:\/\/bisbalpenedes.com\/web\/wp-json\/wp\/v2\/posts"}],"about":[{"href":"https:\/\/bisbalpenedes.com\/web\/wp-json\/wp\/v2\/types\/post"}],"author":[{"embeddable":true,"href":"https:\/\/bisbalpenedes.com\/web\/wp-json\/wp\/v2\/users\/4"}],"replies":[{"embeddable":true,"href":"https:\/\/bisbalpenedes.com\/web\/wp-json\/wp\/v2\/comments?post=4216"}],"version-history":[{"count":2,"href":"https:\/\/bisbalpenedes.com\/web\/wp-json\/wp\/v2\/posts\/4216\/revisions"}],"predecessor-version":[{"id":4224,"href":"https:\/\/bisbalpenedes.com\/web\/wp-json\/wp\/v2\/posts\/4216\/revisions\/4224"}],"wp:featuredmedia":[{"embeddable":true,"href":"https:\/\/bisbalpenedes.com\/web\/wp-json\/wp\/v2\/media\/4217"}],"wp:attachment":[{"href":"https:\/\/bisbalpenedes.com\/web\/wp-json\/wp\/v2\/media?parent=4216"}],"wp:term":[{"taxonomy":"category","embeddable":true,"href":"https:\/\/bisbalpenedes.com\/web\/wp-json\/wp\/v2\/categories?post=4216"},{"taxonomy":"post_tag","embeddable":true,"href":"https:\/\/bisbalpenedes.com\/web\/wp-json\/wp\/v2\/tags?post=4216"}],"curies":[{"name":"wp","href":"https:\/\/api.w.org\/{rel}","templated":true}]}}