{"id":4205,"date":"2018-01-10T20:28:51","date_gmt":"2018-01-10T19:28:51","guid":{"rendered":"http:\/\/bisbalpenedes.com\/web\/?p=4205"},"modified":"2018-01-10T20:28:51","modified_gmt":"2018-01-10T19:28:51","slug":"la-regidoria-de-barris-esta-condicionant-el-pas-entre-els-carrers-ter-i-foix-de-can-gordei","status":"publish","type":"post","link":"https:\/\/bisbalpenedes.com\/web\/2018\/01\/10\/la-regidoria-de-barris-esta-condicionant-el-pas-entre-els-carrers-ter-i-foix-de-can-gordei\/","title":{"rendered":"La Regidoria de Barris est\u00e0 condicionant el pas entre els carrers Ter i Foix de Can Gordei"},"content":{"rendered":"<p>La Regidoria de Barris est\u00e0 treballant en el condicionament d&#8217;un pas amb escales entre els carrers Ter i Foix de Can Gordei.<\/p>\n<p>Es tracta d&#8217;una obra molt reivindicada pels ve\u00efns de la zona que la Regidoria de Barris va creure oport\u00fa tirar endavant, tenint en compte que els ve\u00efns havien expressat el seu malestar pel fet de no poder fer \u00fas d&#8217;aquest pas que, alhora, havia acumulat brut\u00edcia i vegetaci\u00f3 durant anys.<\/p>\n<p>L&#8217;obra t\u00e9 un cost de 16.000\u20ac m\u00e9s IVA i l&#8217;est\u00e0 duent a terme l&#8217;empresa bisbalenca Construccions i Excavacions Rovira. Fins al moment s&#8217;ha fet la cimentaci\u00f3 i quan s&#8217;assequi es procedir\u00e0 a construir les escales.<\/p>\n<p><a href=\"http:\/\/bisbalpenedes.com\/web\/wp-content\/uploads\/2018\/01\/passos-can-gordei-2-1.jpeg\"><img loading=\"lazy\" class=\"size-medium wp-image-4207 aligncenter\" src=\"http:\/\/bisbalpenedes.com\/web\/wp-content\/uploads\/2018\/01\/passos-can-gordei-2-1-300x225.jpeg\" alt=\"passos can gordei 2\" width=\"300\" height=\"225\" srcset=\"https:\/\/bisbalpenedes.com\/web\/wp-content\/uploads\/2018\/01\/passos-can-gordei-2-1-300x225.jpeg 300w, https:\/\/bisbalpenedes.com\/web\/wp-content\/uploads\/2018\/01\/passos-can-gordei-2-1-600x450.jpeg 600w, https:\/\/bisbalpenedes.com\/web\/wp-content\/uploads\/2018\/01\/passos-can-gordei-2-1-768x576.jpeg 768w, https:\/\/bisbalpenedes.com\/web\/wp-content\/uploads\/2018\/01\/passos-can-gordei-2-1-1024x768.jpeg 1024w, https:\/\/bisbalpenedes.com\/web\/wp-content\/uploads\/2018\/01\/passos-can-gordei-2-1.jpeg 1600w\" sizes=\"(max-width: 300px) 100vw, 300px\" \/><\/a><\/p>\n<p><a href=\"http:\/\/bisbalpenedes.com\/web\/wp-content\/uploads\/2018\/01\/passos-can-gordei-3.jpeg\"><img loading=\"lazy\" class=\"aligncenter size-medium wp-image-4208\" src=\"http:\/\/bisbalpenedes.com\/web\/wp-content\/uploads\/2018\/01\/passos-can-gordei-3-300x225.jpeg\" alt=\"passos can gordei 3\" width=\"300\" height=\"225\" srcset=\"https:\/\/bisbalpenedes.com\/web\/wp-content\/uploads\/2018\/01\/passos-can-gordei-3-300x225.jpeg 300w, https:\/\/bisbalpenedes.com\/web\/wp-content\/uploads\/2018\/01\/passos-can-gordei-3-600x450.jpeg 600w, https:\/\/bisbalpenedes.com\/web\/wp-content\/uploads\/2018\/01\/passos-can-gordei-3-768x576.jpeg 768w, https:\/\/bisbalpenedes.com\/web\/wp-content\/uploads\/2018\/01\/passos-can-gordei-3-1024x768.jpeg 1024w, https:\/\/bisbalpenedes.com\/web\/wp-content\/uploads\/2018\/01\/passos-can-gordei-3.jpeg 1600w\" sizes=\"(max-width: 300px) 100vw, 300px\" \/><\/a><\/p>\n","protected":false},"excerpt":{"rendered":"<p>La Regidoria de Barris est\u00e0 treballant en el condicionament d&#8217;un pas amb escales entre els carrers Ter i Foix de Can Gordei. Es tracta d&#8217;una obra molt reivindicada pels ve\u00efns &hellip; <a href=\"https:\/\/bisbalpenedes.com\/web\/2018\/01\/10\/la-regidoria-de-barris-esta-condicionant-el-pas-entre-els-carrers-ter-i-foix-de-can-gordei\/\" class=\"more-link\">Read More<\/a><\/p>\n","protected":false},"author":4,"featured_media":4206,"comment_status":"closed","ping_status":"closed","sticky":false,"template":"","format":"standard","meta":[],"categories":[1047],"tags":[198,1142,1141,1143,386,929,1140,1144],"_links":{"self":[{"href":"https:\/\/bisbalpenedes.com\/web\/wp-json\/wp\/v2\/posts\/4205"}],"collection":[{"href":"https:\/\/bisbalpenedes.com\/web\/wp-json\/wp\/v2\/posts"}],"about":[{"href":"https:\/\/bisbalpenedes.com\/web\/wp-json\/wp\/v2\/types\/post"}],"author":[{"embeddable":true,"href":"https:\/\/bisbalpenedes.com\/web\/wp-json\/wp\/v2\/users\/4"}],"replies":[{"embeddable":true,"href":"https:\/\/bisbalpenedes.com\/web\/wp-json\/wp\/v2\/comments?post=4205"}],"version-history":[{"count":1,"href":"https:\/\/bisbalpenedes.com\/web\/wp-json\/wp\/v2\/posts\/4205\/revisions"}],"predecessor-version":[{"id":4209,"href":"https:\/\/bisbalpenedes.com\/web\/wp-json\/wp\/v2\/posts\/4205\/revisions\/4209"}],"wp:featuredmedia":[{"embeddable":true,"href":"https:\/\/bisbalpenedes.com\/web\/wp-json\/wp\/v2\/media\/4206"}],"wp:attachment":[{"href":"https:\/\/bisbalpenedes.com\/web\/wp-json\/wp\/v2\/media?parent=4205"}],"wp:term":[{"taxonomy":"category","embeddable":true,"href":"https:\/\/bisbalpenedes.com\/web\/wp-json\/wp\/v2\/categories?post=4205"},{"taxonomy":"post_tag","embeddable":true,"href":"https:\/\/bisbalpenedes.com\/web\/wp-json\/wp\/v2\/tags?post=4205"}],"curies":[{"name":"wp","href":"https:\/\/api.w.org\/{rel}","templated":true}]}}