{"id":4190,"date":"2018-01-09T19:15:01","date_gmt":"2018-01-09T18:15:01","guid":{"rendered":"http:\/\/bisbalpenedes.com\/web\/?p=4190"},"modified":"2018-01-09T19:15:01","modified_gmt":"2018-01-09T18:15:01","slug":"si-ets-de-la-bisbal-pots-visitar-el-museu-pau-casals-de-sant-salvador-de-forma-gratuita","status":"publish","type":"post","link":"https:\/\/bisbalpenedes.com\/web\/2018\/01\/09\/si-ets-de-la-bisbal-pots-visitar-el-museu-pau-casals-de-sant-salvador-de-forma-gratuita\/","title":{"rendered":"Si ets de la Bisbal pots visitar el Museu Pau Casals de Sant Salvador de forma gratu\u00efta"},"content":{"rendered":"<p>La vila de la Bisbal col\u00b7labora amb la Fundaci\u00f3 Pau Casals i \u00e9s per aix\u00f2 que els ve\u00efns del municipi podeu visitar el Museu Pau Casals (Platja de Sant Salvador, El Vendrell) de forma gratu\u00efta, els mesos de gener, febrer, mar\u00e7, octubre, novembre i desembre.<\/p>\n<p>Per fer una visita individual cal mostrar l\u2019acreditaci\u00f3 a la recepci\u00f3 del museu Pau Casals per tal d\u2019accedir gratu\u00eftament al recinte (dni, passaport, carnet de conduir o document oficial d\u2019empadronament), demostrant aix\u00ed que sou habitants del municipi*.<\/p>\n<p>Si heu de fer una visita en grup cal que concerteu hora pr\u00e8viament trucant al 977684276 (ext.1) o b\u00e9 escrivint un correu electr\u00f2nic a <a href=\"mailto:museu@paucasals.org\">museu@paucasals.org<\/a>.<\/p>\n<p>*Les escoles no estan incloses en aquesta iniciativa perqu\u00e8 funcionen amb un altre tipus de conveni de gratu\u00edtat signat entre la Fundaci\u00f3 Pau Casals i la Diputaci\u00f3 de Tarragona. Els nens se\u2019n podran beneficiar en el cas que facin la visita de forma individual fora de l\u2019horari escolar.<\/p>\n<p>Per a m\u00e9s informaci\u00f3 podeu accedir al web del Museu:\u00a0<a href=\"http:\/\/www.paucasals.org\/ca\/MUSEU-historia-i-missio\/\">http:\/\/www.paucasals.org\/ca\/MUSEU-historia-i-missio\/<\/a><\/p>\n<p><a href=\"http:\/\/bisbalpenedes.com\/web\/wp-content\/uploads\/2018\/01\/fundacio-pau-casals.jpg\"><img loading=\"lazy\" class=\"aligncenter size-medium wp-image-4192\" src=\"http:\/\/bisbalpenedes.com\/web\/wp-content\/uploads\/2018\/01\/fundacio-pau-casals-227x300.jpg\" alt=\"fundacio pau casals\" width=\"227\" height=\"300\" srcset=\"https:\/\/bisbalpenedes.com\/web\/wp-content\/uploads\/2018\/01\/fundacio-pau-casals-227x300.jpg 227w, https:\/\/bisbalpenedes.com\/web\/wp-content\/uploads\/2018\/01\/fundacio-pau-casals-600x791.jpg 600w, https:\/\/bisbalpenedes.com\/web\/wp-content\/uploads\/2018\/01\/fundacio-pau-casals-768x1013.jpg 768w, https:\/\/bisbalpenedes.com\/web\/wp-content\/uploads\/2018\/01\/fundacio-pau-casals-776x1024.jpg 776w, https:\/\/bisbalpenedes.com\/web\/wp-content\/uploads\/2018\/01\/fundacio-pau-casals-scaled.jpg 1941w\" sizes=\"(max-width: 227px) 100vw, 227px\" \/><\/a><a href=\"http:\/\/bisbalpenedes.com\/web\/wp-content\/uploads\/2018\/01\/fundaci\u00f3-pau-casals.jpg\"><\/p>\n<p><\/a><\/p>\n","protected":false},"excerpt":{"rendered":"<p>La vila de la Bisbal col\u00b7labora amb la Fundaci\u00f3 Pau Casals i \u00e9s per aix\u00f2 que els ve\u00efns del municipi podeu visitar el Museu Pau Casals (Platja de Sant Salvador, &hellip; <a href=\"https:\/\/bisbalpenedes.com\/web\/2018\/01\/09\/si-ets-de-la-bisbal-pots-visitar-el-museu-pau-casals-de-sant-salvador-de-forma-gratuita\/\" class=\"more-link\">Read More<\/a><\/p>\n","protected":false},"author":4,"featured_media":4193,"comment_status":"closed","ping_status":"closed","sticky":false,"template":"","format":"standard","meta":[],"categories":[13],"tags":[225,1135,1134,318,1133],"_links":{"self":[{"href":"https:\/\/bisbalpenedes.com\/web\/wp-json\/wp\/v2\/posts\/4190"}],"collection":[{"href":"https:\/\/bisbalpenedes.com\/web\/wp-json\/wp\/v2\/posts"}],"about":[{"href":"https:\/\/bisbalpenedes.com\/web\/wp-json\/wp\/v2\/types\/post"}],"author":[{"embeddable":true,"href":"https:\/\/bisbalpenedes.com\/web\/wp-json\/wp\/v2\/users\/4"}],"replies":[{"embeddable":true,"href":"https:\/\/bisbalpenedes.com\/web\/wp-json\/wp\/v2\/comments?post=4190"}],"version-history":[{"count":1,"href":"https:\/\/bisbalpenedes.com\/web\/wp-json\/wp\/v2\/posts\/4190\/revisions"}],"predecessor-version":[{"id":4194,"href":"https:\/\/bisbalpenedes.com\/web\/wp-json\/wp\/v2\/posts\/4190\/revisions\/4194"}],"wp:featuredmedia":[{"embeddable":true,"href":"https:\/\/bisbalpenedes.com\/web\/wp-json\/wp\/v2\/media\/4193"}],"wp:attachment":[{"href":"https:\/\/bisbalpenedes.com\/web\/wp-json\/wp\/v2\/media?parent=4190"}],"wp:term":[{"taxonomy":"category","embeddable":true,"href":"https:\/\/bisbalpenedes.com\/web\/wp-json\/wp\/v2\/categories?post=4190"},{"taxonomy":"post_tag","embeddable":true,"href":"https:\/\/bisbalpenedes.com\/web\/wp-json\/wp\/v2\/tags?post=4190"}],"curies":[{"name":"wp","href":"https:\/\/api.w.org\/{rel}","templated":true}]}}